{"id":26752,"date":"2023-08-27T15:10:26","date_gmt":"2023-08-27T15:10:26","guid":{"rendered":"https:\/\/thinkdifferently-actdifferently.eu\/?p=26752"},"modified":"2023-11-09T13:29:06","modified_gmt":"2023-11-09T11:29:06","slug":"good-practices-in-the-field-of-circular-economy","status":"publish","type":"post","link":"https:\/\/thinkdifferently-actdifferently.eu\/es\/good-practices-in-the-field-of-circular-economy\/","title":{"rendered":"Quinta lecci\u00f3n"},"content":{"rendered":"<div data-elementor-type=\"wp-post\" data-elementor-id=\"26752\" class=\"elementor elementor-26752\">\n\t\t\t\t\t\t<section class=\"elementor-section elementor-top-section elementor-element elementor-element-199b8f8 elementor-section-boxed elementor-section-height-default elementor-section-height-default\" data-id=\"199b8f8\" data-element_type=\"section\">\n\t\t\t\t\t\t<div class=\"elementor-container elementor-column-gap-default\">\n\t\t\t\t\t<div class=\"elementor-column elementor-col-100 elementor-top-column elementor-element elementor-element-a5e7477\" data-id=\"a5e7477\" data-element_type=\"column\">\n\t\t\t<div class=\"elementor-widget-wrap elementor-element-populated\">\n\t\t\t\t\t\t<div class=\"elementor-element elementor-element-afc51a2 elementor-widget elementor-widget-heading\" data-id=\"afc51a2\" data-element_type=\"widget\" data-widget_type=\"heading.default\">\n\t\t\t\t<div class=\"elementor-widget-container\">\n\t\t\t\t\t<h1 class=\"elementor-heading-title elementor-size-default\">Buenas pr\u00e1cticas en el \u00e1mbito de la econom\u00eda circular<\/h1>\t\t\t\t<\/div>\n\t\t\t\t<\/div>\n\t\t\t\t<div class=\"elementor-element elementor-element-de2fdad hfe-nav-menu__align-center hfe-submenu-icon-arrow hfe-submenu-animation-none hfe-link-redirect-child hfe-nav-menu__breakpoint-tablet elementor-widget elementor-widget-navigation-menu\" data-id=\"de2fdad\" data-element_type=\"widget\" data-settings=\"{&quot;menu_space_between&quot;:{&quot;unit&quot;:&quot;px&quot;,&quot;size&quot;:0,&quot;sizes&quot;:[]},&quot;menu_row_space&quot;:{&quot;unit&quot;:&quot;px&quot;,&quot;size&quot;:0,&quot;sizes&quot;:[]},&quot;padding_horizontal_menu_item&quot;:{&quot;unit&quot;:&quot;px&quot;,&quot;size&quot;:15,&quot;sizes&quot;:[]},&quot;padding_horizontal_menu_item_tablet&quot;:{&quot;unit&quot;:&quot;px&quot;,&quot;size&quot;:&quot;&quot;,&quot;sizes&quot;:[]},&quot;padding_horizontal_menu_item_mobile&quot;:{&quot;unit&quot;:&quot;px&quot;,&quot;size&quot;:&quot;&quot;,&quot;sizes&quot;:[]},&quot;padding_vertical_menu_item&quot;:{&quot;unit&quot;:&quot;px&quot;,&quot;size&quot;:15,&quot;sizes&quot;:[]},&quot;padding_vertical_menu_item_tablet&quot;:{&quot;unit&quot;:&quot;px&quot;,&quot;size&quot;:&quot;&quot;,&quot;sizes&quot;:[]},&quot;padding_vertical_menu_item_mobile&quot;:{&quot;unit&quot;:&quot;px&quot;,&quot;size&quot;:&quot;&quot;,&quot;sizes&quot;:[]},&quot;menu_space_between_tablet&quot;:{&quot;unit&quot;:&quot;px&quot;,&quot;size&quot;:&quot;&quot;,&quot;sizes&quot;:[]},&quot;menu_space_between_mobile&quot;:{&quot;unit&quot;:&quot;px&quot;,&quot;size&quot;:&quot;&quot;,&quot;sizes&quot;:[]},&quot;menu_row_space_tablet&quot;:{&quot;unit&quot;:&quot;px&quot;,&quot;size&quot;:&quot;&quot;,&quot;sizes&quot;:[]},&quot;menu_row_space_mobile&quot;:{&quot;unit&quot;:&quot;px&quot;,&quot;size&quot;:&quot;&quot;,&quot;sizes&quot;:[]},&quot;dropdown_border_radius&quot;:{&quot;unit&quot;:&quot;px&quot;,&quot;top&quot;:&quot;&quot;,&quot;right&quot;:&quot;&quot;,&quot;bottom&quot;:&quot;&quot;,&quot;left&quot;:&quot;&quot;,&quot;isLinked&quot;:true},&quot;dropdown_border_radius_tablet&quot;:{&quot;unit&quot;:&quot;px&quot;,&quot;top&quot;:&quot;&quot;,&quot;right&quot;:&quot;&quot;,&quot;bottom&quot;:&quot;&quot;,&quot;left&quot;:&quot;&quot;,&quot;isLinked&quot;:true},&quot;dropdown_border_radius_mobile&quot;:{&quot;unit&quot;:&quot;px&quot;,&quot;top&quot;:&quot;&quot;,&quot;right&quot;:&quot;&quot;,&quot;bottom&quot;:&quot;&quot;,&quot;left&quot;:&quot;&quot;,&quot;isLinked&quot;:true},&quot;width_dropdown_item&quot;:{&quot;unit&quot;:&quot;px&quot;,&quot;size&quot;:&quot;220&quot;,&quot;sizes&quot;:[]},&quot;width_dropdown_item_tablet&quot;:{&quot;unit&quot;:&quot;px&quot;,&quot;size&quot;:&quot;&quot;,&quot;sizes&quot;:[]},&quot;width_dropdown_item_mobile&quot;:{&quot;unit&quot;:&quot;px&quot;,&quot;size&quot;:&quot;&quot;,&quot;sizes&quot;:[]},&quot;padding_horizontal_dropdown_item&quot;:{&quot;unit&quot;:&quot;px&quot;,&quot;size&quot;:&quot;&quot;,&quot;sizes&quot;:[]},&quot;padding_horizontal_dropdown_item_tablet&quot;:{&quot;unit&quot;:&quot;px&quot;,&quot;size&quot;:&quot;&quot;,&quot;sizes&quot;:[]},&quot;padding_horizontal_dropdown_item_mobile&quot;:{&quot;unit&quot;:&quot;px&quot;,&quot;size&quot;:&quot;&quot;,&quot;sizes&quot;:[]},&quot;padding_vertical_dropdown_item&quot;:{&quot;unit&quot;:&quot;px&quot;,&quot;size&quot;:15,&quot;sizes&quot;:[]},&quot;padding_vertical_dropdown_item_tablet&quot;:{&quot;unit&quot;:&quot;px&quot;,&quot;size&quot;:&quot;&quot;,&quot;sizes&quot;:[]},&quot;padding_vertical_dropdown_item_mobile&quot;:{&quot;unit&quot;:&quot;px&quot;,&quot;size&quot;:&quot;&quot;,&quot;sizes&quot;:[]},&quot;distance_from_menu&quot;:{&quot;unit&quot;:&quot;px&quot;,&quot;size&quot;:&quot;&quot;,&quot;sizes&quot;:[]},&quot;distance_from_menu_tablet&quot;:{&quot;unit&quot;:&quot;px&quot;,&quot;size&quot;:&quot;&quot;,&quot;sizes&quot;:[]},&quot;distance_from_menu_mobile&quot;:{&quot;unit&quot;:&quot;px&quot;,&quot;size&quot;:&quot;&quot;,&quot;sizes&quot;:[]},&quot;toggle_size&quot;:{&quot;unit&quot;:&quot;px&quot;,&quot;size&quot;:&quot;&quot;,&quot;sizes&quot;:[]},&quot;toggle_size_tablet&quot;:{&quot;unit&quot;:&quot;px&quot;,&quot;size&quot;:&quot;&quot;,&quot;sizes&quot;:[]},&quot;toggle_size_mobile&quot;:{&quot;unit&quot;:&quot;px&quot;,&quot;size&quot;:&quot;&quot;,&quot;sizes&quot;:[]},&quot;toggle_border_width&quot;:{&quot;unit&quot;:&quot;px&quot;,&quot;size&quot;:&quot;&quot;,&quot;sizes&quot;:[]},&quot;toggle_border_width_tablet&quot;:{&quot;unit&quot;:&quot;px&quot;,&quot;size&quot;:&quot;&quot;,&quot;sizes&quot;:[]},&quot;toggle_border_width_mobile&quot;:{&quot;unit&quot;:&quot;px&quot;,&quot;size&quot;:&quot;&quot;,&quot;sizes&quot;:[]},&quot;toggle_border_radius&quot;:{&quot;unit&quot;:&quot;px&quot;,&quot;size&quot;:&quot;&quot;,&quot;sizes&quot;:[]},&quot;toggle_border_radius_tablet&quot;:{&quot;unit&quot;:&quot;px&quot;,&quot;size&quot;:&quot;&quot;,&quot;sizes&quot;:[]},&quot;toggle_border_radius_mobile&quot;:{&quot;unit&quot;:&quot;px&quot;,&quot;size&quot;:&quot;&quot;,&quot;sizes&quot;:[]}}\" data-widget_type=\"navigation-menu.default\">\n\t\t\t\t<div class=\"elementor-widget-container\">\n\t\t\t\t\t\t\t\t<div class=\"hfe-nav-menu hfe-layout-horizontal hfe-nav-menu-layout horizontal hfe-pointer__none\" data-layout=\"horizontal\">\n\t\t\t\t<div role=\"button\" class=\"hfe-nav-menu__toggle elementor-clickable\" tabindex=\"0\" aria-label=\"Menu Toggle\">\n\t\t\t\t\t<span class=\"screen-reader-text\">Men\u00fa<\/span>\n\t\t\t\t\t<div class=\"hfe-nav-menu-icon\">\n\t\t\t\t\t\t<i aria-hidden=\"true\"  class=\"far fa-list-alt\"><\/i>\t\t\t\t\t<\/div>\n\t\t\t\t<\/div>\n\t\t\t\t<nav class=\"hfe-nav-menu__layout-horizontal hfe-nav-menu__submenu-arrow\" data-toggle-icon=\"&lt;i aria-hidden=&quot;true&quot; tabindex=&quot;0&quot; class=&quot;far fa-list-alt&quot;&gt;&lt;\/i&gt;\" data-close-icon=\"&lt;i aria-hidden=&quot;true&quot; tabindex=&quot;0&quot; class=&quot;far fa-window-close&quot;&gt;&lt;\/i&gt;\" data-full-width=\"yes\">\n\t\t\t\t\t<ul id=\"menu-1-de2fdad\" class=\"hfe-nav-menu\"><li id=\"menu-item-26998\" class=\"menu-item menu-item-type-custom menu-item-object-custom parent hfe-creative-menu\"><a href=\"#greece\" class = \"hfe-menu-item\">Grecia<\/a><\/li>\n<li id=\"menu-item-26999\" class=\"menu-item menu-item-type-custom menu-item-object-custom parent hfe-creative-menu\"><a href=\"#croatia\" class = \"hfe-menu-item\">Croacia<\/a><\/li>\n<li id=\"menu-item-27000\" class=\"menu-item menu-item-type-custom menu-item-object-custom parent hfe-creative-menu\"><a href=\"#romania\" class = \"hfe-menu-item\">Rumania<\/a><\/li>\n<li id=\"menu-item-27001\" class=\"menu-item menu-item-type-custom menu-item-object-custom parent hfe-creative-menu\"><a href=\"#portugal\" class = \"hfe-menu-item\">Portugal<\/a><\/li>\n<li id=\"menu-item-27002\" class=\"menu-item menu-item-type-custom menu-item-object-custom parent hfe-creative-menu\"><a href=\"#spain\" class = \"hfe-menu-item\">Espa\u00f1a<\/a><\/li>\n<\/ul> \n\t\t\t\t<\/nav>\n\t\t\t<\/div>\n\t\t\t\t\t\t\t<\/div>\n\t\t\t\t<\/div>\n\t\t\t\t<div class=\"elementor-element elementor-element-408dbdb elementor-widget-divider--view-line elementor-widget elementor-widget-divider\" data-id=\"408dbdb\" data-element_type=\"widget\" data-widget_type=\"divider.default\">\n\t\t\t\t<div class=\"elementor-widget-container\">\n\t\t\t\t\t\t\t<div class=\"elementor-divider\">\n\t\t\t<span class=\"elementor-divider-separator\">\n\t\t\t\t\t\t<\/span>\n\t\t<\/div>\n\t\t\t\t\t\t<\/div>\n\t\t\t\t<\/div>\n\t\t\t\t<div class=\"elementor-element elementor-element-ddfcfdc elementor-widget elementor-widget-image\" data-id=\"ddfcfdc\" data-element_type=\"widget\" data-widget_type=\"image.default\">\n\t\t\t\t<div class=\"elementor-widget-container\">\n\t\t\t\t\t\t\t\t\t\t\t\t\t\t\t<img fetchpriority=\"high\" decoding=\"async\" width=\"566\" height=\"567\" src=\"https:\/\/thinkdifferently-actdifferently.eu\/wp-content\/uploads\/2023\/08\/image21-1.jpeg\" class=\"attachment-large size-large wp-image-26815\" alt=\"\" srcset=\"https:\/\/thinkdifferently-actdifferently.eu\/wp-content\/uploads\/2023\/08\/image21-1.jpeg 566w, https:\/\/thinkdifferently-actdifferently.eu\/wp-content\/uploads\/2023\/08\/image21-1-300x300.jpeg 300w, https:\/\/thinkdifferently-actdifferently.eu\/wp-content\/uploads\/2023\/08\/image21-1-150x150.jpeg 150w\" sizes=\"(max-width: 566px) 100vw, 566px\" \/>\t\t\t\t\t\t\t\t\t\t\t\t\t\t\t<\/div>\n\t\t\t\t<\/div>\n\t\t\t\t<div class=\"elementor-element elementor-element-36dad28 elementor-widget elementor-widget-text-editor\" data-id=\"36dad28\" data-element_type=\"widget\" data-widget_type=\"text-editor.default\">\n\t\t\t\t<div class=\"elementor-widget-container\">\n\t\t\t\t\t\t\t\t\t<p>\u00a0<\/p><ul><li style=\"font-weight: 400;\" aria-level=\"1\"><span style=\"font-weight: 400;\">La Gu\u00eda de Dise\u00f1o Circular de la Fundaci\u00f3n Ellen MacArthur: La Gu\u00eda de Dise\u00f1o Circular es un recurso en l\u00ednea gratuito que proporciona a los dise\u00f1adores herramientas y recursos para ayudarles a dise\u00f1ar productos y sistemas para la circularidad. La gu\u00eda incluye estudios de casos, estrategias de dise\u00f1o y recursos para aplicar los principios del dise\u00f1o circular.<\/span><\/li><\/ul><div>\u00a0<\/div><ul><li style=\"font-weight: 400;\" aria-level=\"1\"><span style=\"font-weight: 400;\">Programa de recogida de ropa de H&amp;M: H&amp;M, el minorista mundial de moda, ha puesto en marcha un programa de recogida de prendas que anima a los clientes a llevar su ropa vieja para reciclarla. Las prendas recogidas se clasifican y transforman en nuevos materiales que pueden utilizarse para fabricar nuevos productos.<\/span><\/li><\/ul><div>\u00a0<\/div><ul><li style=\"font-weight: 400;\" aria-level=\"1\"><span style=\"font-weight: 400;\">El programa de econom\u00eda circular de la ciudad de \u00c1msterdam: La ciudad de \u00c1msterdam ha desarrollado un amplio programa de econom\u00eda circular que incluye iniciativas para promover el dise\u00f1o de productos circulares, reducir los residuos y aumentar el reciclaje. El programa incluye iniciativas como el Programa de Innovaci\u00f3n Circular de \u00c1msterdam y el Desaf\u00edo Circular de \u00c1msterdam, que apoyan a las startups e innovadores de la econom\u00eda circular.<\/span><\/li><\/ul><div>\u00a0<\/div><ul><li style=\"font-weight: 400;\" aria-level=\"1\"><span style=\"font-weight: 400;\">Programa de reciclaje de alfombras de Interface: Interface, fabricante mundial de alfombras modulares en losetas, ha puesto en marcha un programa de reciclaje cuyo objetivo es reducir los residuos y aumentar el uso de materiales reciclados. El programa consiste en recoger alfombras viejas de los clientes, reciclarlas en nuevos materiales y utilizarlos para fabricar otras nuevas.<\/span><\/li><\/ul><div>\u00a0<\/div><ul><li style=\"font-weight: 400;\" aria-level=\"1\"><span style=\"font-weight: 400;\">La cadena de suministro de circuito cerrado de Toyota: Toyota ha implantado una cadena de suministro de circuito cerrado para su proceso de fabricaci\u00f3n de autom\u00f3viles, cuyo objetivo es reducir los residuos y aumentar la eficiencia. El sistema de circuito cerrado implica el reciclaje y la reutilizaci\u00f3n de materiales y componentes en cada fase del proceso de fabricaci\u00f3n, desde la producci\u00f3n hasta la eliminaci\u00f3n.<\/span><\/li><\/ul><div>\u00a0<\/div><ul><li style=\"font-weight: 400;\" aria-level=\"1\"><span style=\"font-weight: 400;\">El programa Worn Wear de Patagonia: Patagonia, la empresa de ropa para actividades al aire libre, ha puesto en marcha un programa llamado Worn Wear, que anima a los clientes a reparar y reutilizar su ropa en lugar de comprar art\u00edculos nuevos. El programa incluye un servicio de reparaciones y un sitio web donde los clientes pueden comprar y vender ropa usada de Patagonia.<\/span><\/li><\/ul><div>\u00a0<\/div><ul><li style=\"font-weight: 400;\" aria-level=\"1\"><span style=\"font-weight: 400;\">El modelo de negocio circular de Philips: Philips, la empresa de electr\u00f3nica, ha implantado un modelo de negocio circular para su departamento de iluminaci\u00f3n. El modelo consiste en arrendar sistemas de iluminaci\u00f3n a los clientes en lugar de venderlos, lo que permite a Philips conservar la propiedad de los materiales y componentes utilizados en los sistemas. Al final del periodo de alquiler, Philips recupera los sistemas y recicla o reutiliza los materiales.<\/span><\/li><\/ul><div>\u00a0<\/div><ul><li style=\"font-weight: 400;\" aria-level=\"1\"><span style=\"font-weight: 400;\">El programa de residuos cero de la ciudad de San Francisco: San Francisco ha puesto en marcha un programa de cero residuos, cuyo objetivo es desviar todos los residuos de vertederos e incineradoras para 2020. El programa incluye iniciativas como el compostaje, el reciclaje y campa\u00f1as de reducci\u00f3n de residuos.<\/span><\/li><\/ul><div>\u00a0<\/div><ul><li style=\"font-weight: 400;\" aria-level=\"1\"><span style=\"font-weight: 400;\">El proyecto Circular Phone: El proyecto Circular Phone es una colaboraci\u00f3n entre varias empresas e instituciones de investigaci\u00f3n europeas para desarrollar un tel\u00e9fono inteligente dise\u00f1ado para la circularidad. El tel\u00e9fono est\u00e1 dise\u00f1ado para ser f\u00e1cilmente desmontado y reparado, y los componentes est\u00e1n dise\u00f1ados para ser reutilizados o reciclados al final de la vida del tel\u00e9fono.<\/span><\/li><\/ul><div>\u00a0<\/div><ul><li style=\"font-weight: 400;\" aria-level=\"1\"><span style=\"font-weight: 400;\">El fondo Closed Loop Partners: El fondo Closed Loop Partners es un fondo de capital privado que invierte en startups e iniciativas de econom\u00eda circular. El fondo proporciona financiaci\u00f3n y apoyo a empresas y proyectos que trabajan para crear sistemas m\u00e1s sostenibles y circulares.\u00a0<\/span><\/li><\/ul><p><span style=\"font-weight: 400;\">Estos son solo algunos ejemplos de las numerosas buenas pr\u00e1cticas que se est\u00e1n aplicando en el \u00e1mbito de la econom\u00eda circular. Estas pr\u00e1cticas demuestran el potencial para crear sistemas y productos m\u00e1s sostenibles y eficientes que beneficien tanto al medio ambiente como a la sociedad.\u00a0<\/span><\/p>\t\t\t\t\t\t\t\t<\/div>\n\t\t\t\t<\/div>\n\t\t\t\t<div class=\"elementor-element elementor-element-6f63c9a elementor-widget elementor-widget-heading\" data-id=\"6f63c9a\" data-element_type=\"widget\" data-widget_type=\"heading.default\">\n\t\t\t\t<div class=\"elementor-widget-container\">\n\t\t\t\t\t<h2 class=\"elementor-heading-title elementor-size-default\">Empresas ejemplares que aplican pr\u00e1cticas de econom\u00eda circular: Marcando el camino hacia la sostenibilidad<\/h2>\t\t\t\t<\/div>\n\t\t\t\t<\/div>\n\t\t\t\t<div class=\"elementor-element elementor-element-e79338a greece elementor-widget elementor-widget-heading\" data-id=\"e79338a\" data-element_type=\"widget\" id=\"greece\" data-widget_type=\"heading.default\">\n\t\t\t\t<div class=\"elementor-widget-container\">\n\t\t\t\t\t<h3 class=\"elementor-heading-title elementor-size-default\">El caso de Grecia\n<\/h3>\t\t\t\t<\/div>\n\t\t\t\t<\/div>\n\t\t\t\t<div class=\"elementor-element elementor-element-8cf198e elementor-widget elementor-widget-heading\" data-id=\"8cf198e\" data-element_type=\"widget\" data-widget_type=\"heading.default\">\n\t\t\t\t<div class=\"elementor-widget-container\">\n\t\t\t\t\t<h3 class=\"elementor-heading-title elementor-size-default\">\u25cf\tTsakiris Family\n<\/h3>\t\t\t\t<\/div>\n\t\t\t\t<\/div>\n\t\t\t\t<div class=\"elementor-element elementor-element-98ae6e5 elementor-widget elementor-widget-text-editor\" data-id=\"98ae6e5\" data-element_type=\"widget\" data-widget_type=\"text-editor.default\">\n\t\t\t\t<div class=\"elementor-widget-container\">\n\t\t\t\t\t\t\t\t\t<p><span style=\"font-weight: 400;\">Tsakiris, una de las mayores unidades de producci\u00f3n de huevos de Grecia, reutiliza los residuos alimentarios, convirti\u00e9ndolos en nuevos productos alimenticios, y los recicla en nuevos productos. En concreto, vende huevos con fecha de caducidad definida a otras empresas, que mediante un proceso especial de transformaci\u00f3n los reutilizan como materia prima para la elaboraci\u00f3n de productos de panader\u00eda. Al mismo tiempo, aprovecha los residuos de la alimentaci\u00f3n del ganado en la producci\u00f3n de energ\u00eda y utiliza los residuos como abono. (Interreg Europe, 2021).<\/span><\/p>\t\t\t\t\t\t\t\t<\/div>\n\t\t\t\t<\/div>\n\t\t\t\t<div class=\"elementor-element elementor-element-6b813b6 elementor-widget elementor-widget-heading\" data-id=\"6b813b6\" data-element_type=\"widget\" data-widget_type=\"heading.default\">\n\t\t\t\t<div class=\"elementor-widget-container\">\n\t\t\t\t\t<h3 class=\"elementor-heading-title elementor-size-default\">\u2022\tDomeniul Agrovision\n<\/h3>\t\t\t\t<\/div>\n\t\t\t\t<\/div>\n\t\t\t\t<div class=\"elementor-element elementor-element-dc506cc elementor-widget elementor-widget-text-editor\" data-id=\"dc506cc\" data-element_type=\"widget\" data-widget_type=\"text-editor.default\">\n\t\t\t\t<div class=\"elementor-widget-container\">\n\t\t\t\t\t\t\t\t\t<p><span style=\"font-weight: 400;\">Esta empresa se dedica a la producci\u00f3n de vinos. Durante el proceso de elaboraci\u00f3n del vino tambi\u00e9n se producen productos de desecho como las l\u00edas. Estas \u00faltimas, como producto de la fermentaci\u00f3n del vino, contienen acidez, pigmentos, levaduras, az\u00facares y otras sustancias necesarias para la elaboraci\u00f3n de productos de panader\u00eda (Skai, 2021). Son precisamente estos residuos los que la empresa pone a disposici\u00f3n de las empresas locales, que a su vez producen pan, pizza, bollos y rosquillas, dando no s\u00f3lo una nueva vida a estos residuos (Interreg Europe, 2021), sino tambi\u00e9n golosinas especiales, ya que se han descubierto recetas imaginativas con los posos del vino como protagonistas.<\/span><\/p><p><span style=\"font-weight: 400;\">De hecho, la empresa va un paso m\u00e1s all\u00e1, ya que aspira a sustituir el uso de vino por el de posos de vino en todas las recetas, como el pulpo gratinado, pero tambi\u00e9n a identificar otros posibles usos, como en el curado de la carne (Winetrails, 2021). Lo m\u00e1s destacado es que en el plazo de un a\u00f1o la empresa consigui\u00f3 reducir el volumen de residuos en un 40%, pero tambi\u00e9n aument\u00f3 sus beneficios con la venta de posos de vino, que antes se consideraban residuos. Es m\u00e1s, la empresa est\u00e1 convirtiendo los residuos de corcho de sus propias aguas residuales en obras de arte decorativas, mientras que los viejos barriles de vino y los palos en modernos asientos, mesas e incluso bicicletas, que pretenden poner a disposici\u00f3n de las escuelas (Paspartou, 2021).<\/span><\/p>\t\t\t\t\t\t\t\t<\/div>\n\t\t\t\t<\/div>\n\t\t\t\t<div class=\"elementor-element elementor-element-4032354 elementor-widget elementor-widget-heading\" data-id=\"4032354\" data-element_type=\"widget\" data-widget_type=\"heading.default\">\n\t\t\t\t<div class=\"elementor-widget-container\">\n\t\t\t\t\t<h3 class=\"elementor-heading-title elementor-size-default\">\u2022\t\"Staramaki\"\n<\/h3>\t\t\t\t<\/div>\n\t\t\t\t<\/div>\n\t\t\t\t<div class=\"elementor-element elementor-element-d768bee elementor-widget elementor-widget-text-editor\" data-id=\"d768bee\" data-element_type=\"widget\" data-widget_type=\"text-editor.default\">\n\t\t\t\t<div class=\"elementor-widget-container\">\n\t\t\t\t\t\t\t\t\t<p><span style=\"font-weight: 400;\">En el norte de Grecia y concretamente en Kilkis, el \"staramaki\" es producido por la Empresa Social Cooperativa. El \"staramaki\" no es otra cosa que paja hecha con el tallo del trigo y su nombre proviene de la combinaci\u00f3n de las palabras \"paja\" y \"trigo\" (Iefimerida, 2019). Dado que la zona es principalmente rural, todo el proyecto se puso en marcha para estimular la econom\u00eda de la regi\u00f3n en general y de los grupos vulnerables en particular, ya que la empresa social emplea a estas personas vulnerables (por ejemplo, refugiados) ofreci\u00e9ndoles puestos de trabajo. El objetivo de la empresa es la sustituci\u00f3n gradual de las cestas de pl\u00e1stico y papel de junco, aprovechando precisamente un subproducto del trigo que abunda en la zona y as\u00ed se cre\u00f3 el \"staramaki\". El proceso de producci\u00f3n comienza con la cosecha y el almacenamiento del trigo en un espacio adecuado para controlar el nivel de humedad. A continuaci\u00f3n, se seleccionan los ingredientes adecuados, se escogen los tallos de trigo y se cortan a la altura deseada, y despu\u00e9s se procede al prelavado, hervido, cuajado y lavado de las ca\u00f1as naturales para hacerlas aptas para su uso. A continuaci\u00f3n, se secan las pajas y, tras pasar un control de calidad, se envasan y comercializan.<\/span><\/p><p><span style=\"font-weight: 400;\">\u00a1Los beneficios de la difusi\u00f3n de esta pajita alternativa ser\u00e1n enormes, sobre todo si se tiene en cuenta que solo en Grecia se consumen 1.600 millones de pajitas al a\u00f1o, mientras que el consumo correspondiente en Europa es de 30.000 a 40.000 millones de pajitas al a\u00f1o (Staramaki, 2019)! La demanda de \"staramaki\" ha crecido de forma considerable, lo que ha obligado a la empresa a aumentar su producci\u00f3n de 5.000 piezas al d\u00eda a 20.000 con el fin de satisfacer las necesidades del mercado, y ya ha empezado a exportar su producto, en Europa las grandes empresas hacen pedidos de \"staramakia\" (Interreg Europe, 2021). Como todo el proceso se ha hecho hasta ahora manualmente, el coste de cada una es elevado y asciende a 13-14 c\u00e9ntimos. El objetivo es reducir esta cantidad al menos a la mitad en los pr\u00f3ximos seis meses, a 4 c\u00e9ntimos en dos a\u00f1os, mientras que dentro de cuatro a\u00f1os los fundadores calculan que cada unidad se vender\u00e1 por medio c\u00e9ntimo de euro (Ethnos.gr, 2020). Esta dr\u00e1stica reducci\u00f3n llegar\u00e1 con la introducci\u00f3n de maquinaria en la producci\u00f3n y su conversi\u00f3n en producci\u00f3n semiautom\u00e1tica, lo que permitir\u00e1 una producci\u00f3n m\u00e1s masiva y barata de \"staramaki\".<\/span><\/p>\t\t\t\t\t\t\t\t<\/div>\n\t\t\t\t<\/div>\n\t\t\t\t<div class=\"elementor-element elementor-element-6d03e25 elementor-invisible elementor-widget elementor-widget-image\" data-id=\"6d03e25\" data-element_type=\"widget\" data-settings=\"{&quot;_animation&quot;:&quot;bounceInLeft&quot;}\" data-widget_type=\"image.default\">\n\t\t\t\t<div class=\"elementor-widget-container\">\n\t\t\t\t\t\t\t\t\t\t\t\t\t\t\t<img decoding=\"async\" width=\"682\" height=\"682\" src=\"https:\/\/thinkdifferently-actdifferently.eu\/wp-content\/uploads\/2023\/08\/image22.jpeg\" class=\"attachment-large size-large wp-image-26795\" alt=\"\" srcset=\"https:\/\/thinkdifferently-actdifferently.eu\/wp-content\/uploads\/2023\/08\/image22.jpeg 682w, https:\/\/thinkdifferently-actdifferently.eu\/wp-content\/uploads\/2023\/08\/image22-300x300.jpeg 300w, https:\/\/thinkdifferently-actdifferently.eu\/wp-content\/uploads\/2023\/08\/image22-150x150.jpeg 150w\" sizes=\"(max-width: 682px) 100vw, 682px\" \/>\t\t\t\t\t\t\t\t\t\t\t\t\t\t\t<\/div>\n\t\t\t\t<\/div>\n\t\t\t\t<div class=\"elementor-element elementor-element-d340f31 elementor-widget elementor-widget-heading\" data-id=\"d340f31\" data-element_type=\"widget\" data-widget_type=\"heading.default\">\n\t\t\t\t<div class=\"elementor-widget-container\">\n\t\t\t\t\t<h3 class=\"elementor-heading-title elementor-size-default\">\u25cf\tProject Restia\n<\/h3>\t\t\t\t<\/div>\n\t\t\t\t<\/div>\n\t\t\t\t<div class=\"elementor-element elementor-element-2acf4e5 elementor-widget elementor-widget-text-editor\" data-id=\"2acf4e5\" data-element_type=\"widget\" data-widget_type=\"text-editor.default\">\n\t\t\t\t<div class=\"elementor-widget-container\">\n\t\t\t\t\t\t\t\t\t<p><span style=\"font-weight: 400;\">Project Restia fue creado por un peluquero de 36 a\u00f1os que, en colaboraci\u00f3n con otros salones y peluquer\u00edas de mascotas, decidi\u00f3 recoger pelo con un fin \u00fanico: crear filtros de purificaci\u00f3n de agua marina. Conociendo la capacidad del pelo para retener la grasa, se le ocurri\u00f3 que, en lugar de tirarlo como residuo, podr\u00eda reutilizarse para recuperar petr\u00f3leo tras accidentes marinos. En colaboraci\u00f3n con la Universidad de West Attica y con la orientaci\u00f3n adecuada de una acci\u00f3n similar en Estados Unidos, \"Matter of Trust\", que se puso en marcha para hacer frente al accidente del Golfo de M\u00e9xico, se cre\u00f3 RESTIA. Cada a\u00f1o se producen de media entre 8 y 9 accidentes mar\u00edtimos con graves repercusiones medioambientales, en los que RESTIA se propone proporcionar gratuitamente estos filtros (Camposou, 2022), (restia.gr, 2022).<\/span><\/p>\t\t\t\t\t\t\t\t<\/div>\n\t\t\t\t<\/div>\n\t\t\t\t<div class=\"elementor-element elementor-element-25035e6 elementor-widget elementor-widget-video\" data-id=\"25035e6\" data-element_type=\"widget\" data-settings=\"{&quot;youtube_url&quot;:&quot;https:\\\/\\\/www.youtube.com\\\/watch?v=2kIj3lHElmE&quot;,&quot;modestbranding&quot;:&quot;yes&quot;,&quot;yt_privacy&quot;:&quot;yes&quot;,&quot;video_type&quot;:&quot;youtube&quot;,&quot;controls&quot;:&quot;yes&quot;}\" data-widget_type=\"video.default\">\n\t\t\t\t<div class=\"elementor-widget-container\">\n\t\t\t\t\t\t\t<div class=\"elementor-wrapper elementor-open-inline\">\n\t\t\t<div class=\"elementor-video\"><\/div>\t\t<\/div>\n\t\t\t\t\t\t<\/div>\n\t\t\t\t<\/div>\n\t\t\t\t<div class=\"elementor-element elementor-element-1dd95e4 croatia elementor-widget elementor-widget-heading\" data-id=\"1dd95e4\" data-element_type=\"widget\" id=\"croatia\" data-widget_type=\"heading.default\">\n\t\t\t\t<div class=\"elementor-widget-container\">\n\t\t\t\t\t<h3 class=\"elementor-heading-title elementor-size-default\">El caso de Croacia\n<\/h3>\t\t\t\t<\/div>\n\t\t\t\t<\/div>\n\t\t\t\t<div class=\"elementor-element elementor-element-942ed8f elementor-widget elementor-widget-heading\" data-id=\"942ed8f\" data-element_type=\"widget\" data-widget_type=\"heading.default\">\n\t\t\t\t<div class=\"elementor-widget-container\">\n\t\t\t\t\t<h3 class=\"elementor-heading-title elementor-size-default\">\u25cf\tSapunoteka\n<\/h3>\t\t\t\t<\/div>\n\t\t\t\t<\/div>\n\t\t\t\t<div class=\"elementor-element elementor-element-4466767 elementor-widget elementor-widget-text-editor\" data-id=\"4466767\" data-element_type=\"widget\" data-widget_type=\"text-editor.default\">\n\t\t\t\t<div class=\"elementor-widget-container\">\n\t\t\t\t\t\t\t\t\t<p><span style=\"font-weight: 400;\">Sapunoteka proporciona productos que no da\u00f1an la piel, basados en los principios de valiosas materias primas naturales, enriquecidos con ingredientes activos cient\u00edficamente probados, sin utilizar materias primas de origen animal, y usando embalajes m\u00ednimos, ecol\u00f3gicos y funcionales.\u00a0<\/span><\/p><p><span style=\"font-weight: 400;\">Sapunoteka fue fundada en 2009 por Ivan Mili\u0161i\u0107 y Marija Plav\u010di\u0107 y desde entonces se ha desarrollado de forma sostenible. Creada por amor a la naturaleza, a la creaci\u00f3n, por curiosidad y entusiasmo.<\/span><\/p><p><span style=\"font-weight: 400;\">Sus valores fundamentales:<\/span><\/p><ul><li aria-level=\"1\"><b>Ecolog\u00eda \u2013 <\/b>Todos los productos se envasan en recipientes respetuosos con el medio ambiente; trabajan continuamente en nuevas y mejores soluciones. Siempre que es posible, intentan obtener la mayor cantidad posible de ingredientes locales. Sus productos son biodegradables.<\/li><\/ul><ul><li aria-level=\"1\"><b>\u00c9tica \u2013 <\/b>No utilizan ingredientes de origen animal (grasas animales, leche, miel, cera, lanolina, queratina...). Sus productos, as\u00ed como los ingredientes que se utilizan para la elaboraci\u00f3n, no han sido probados en animales.<\/li><\/ul><ul><li aria-level=\"1\"><b>Conocimiento \u2013 <\/b>Las formulaciones se basan en los conocimientos y las normas de la profesi\u00f3n, teniendo en cuenta las experiencias tradicionales.<span style=\"font-weight: 400;\">\u00a0<\/span><\/li><\/ul>\t\t\t\t\t\t\t\t<\/div>\n\t\t\t\t<\/div>\n\t\t\t\t<div class=\"elementor-element elementor-element-d567d53 elementor-invisible elementor-widget elementor-widget-image\" data-id=\"d567d53\" data-element_type=\"widget\" data-settings=\"{&quot;_animation&quot;:&quot;bounceInRight&quot;}\" data-widget_type=\"image.default\">\n\t\t\t\t<div class=\"elementor-widget-container\">\n\t\t\t\t\t\t\t\t\t\t\t\t\t\t\t<img decoding=\"async\" width=\"1024\" height=\"1024\" src=\"https:\/\/thinkdifferently-actdifferently.eu\/wp-content\/uploads\/2023\/08\/image27-1024x1024.png\" class=\"attachment-large size-large wp-image-26798\" alt=\"\" srcset=\"https:\/\/thinkdifferently-actdifferently.eu\/wp-content\/uploads\/2023\/08\/image27-1024x1024.png 1024w, https:\/\/thinkdifferently-actdifferently.eu\/wp-content\/uploads\/2023\/08\/image27-300x300.png 300w, https:\/\/thinkdifferently-actdifferently.eu\/wp-content\/uploads\/2023\/08\/image27-150x150.png 150w, https:\/\/thinkdifferently-actdifferently.eu\/wp-content\/uploads\/2023\/08\/image27-768x768.png 768w, https:\/\/thinkdifferently-actdifferently.eu\/wp-content\/uploads\/2023\/08\/image27-1536x1536.png 1536w, https:\/\/thinkdifferently-actdifferently.eu\/wp-content\/uploads\/2023\/08\/image27-2048x2048.png 2048w\" sizes=\"(max-width: 1024px) 100vw, 1024px\" \/>\t\t\t\t\t\t\t\t\t\t\t\t\t\t\t<\/div>\n\t\t\t\t<\/div>\n\t\t\t\t<div class=\"elementor-element elementor-element-84d64e2 elementor-widget elementor-widget-heading\" data-id=\"84d64e2\" data-element_type=\"widget\" data-widget_type=\"heading.default\">\n\t\t\t\t<div class=\"elementor-widget-container\">\n\t\t\t\t\t<h3 class=\"elementor-heading-title elementor-size-default\">\u2022\tEcology 108\n<\/h3>\t\t\t\t<\/div>\n\t\t\t\t<\/div>\n\t\t\t\t<div class=\"elementor-element elementor-element-19b8dcd elementor-widget elementor-widget-text-editor\" data-id=\"19b8dcd\" data-element_type=\"widget\" data-widget_type=\"text-editor.default\">\n\t\t\t\t<div class=\"elementor-widget-container\">\n\t\t\t\t\t\t\t\t\t<p><span style=\"font-weight: 400;\">Ecology 108 produce detergentes para la ropa: detergentes en polvo, l\u00edquidos, suavizantes, jabones y otros productos ecol\u00f3gicos para el hogar.<\/span><\/p><p><span style=\"font-weight: 400;\">Adem\u00e1s de que sus productos no contienen al\u00e9rgenos y son biodegradables, da\u00f1an lo menos posible el medio ambiente. Todos los componentes de los detergentes que representan al\u00e9rgenos y son perjudiciales para el medio ambiente son de origen ecol\u00f3gico, y as\u00ed lo confirma el certificado de la etiqueta ecol\u00f3gica de la UE, que, con sus criterios, regula y determina el uso de dichos componentes. Esto significa que no eliminan la mancha, sino que, debido a la refracci\u00f3n de la luz, ya no es visible a simple vista, aunque siga presente. Tales blanqueadores son extremadamente nocivos para la salud y el medio ambiente.\u00a0<\/span><\/p><p><span style=\"font-weight: 400;\">Ecology 108 utiliza lej\u00eda basada en ox\u00edgeno activo, que es completamente degradable en la naturaleza y no provoca reacciones al\u00e9rgicas en los usuarios. Adem\u00e1s, un componente nocivo de los detergentes es el perfume, que puede ser un fuerte al\u00e9rgeno. Utilizan perfume en una concentraci\u00f3n muy peque\u00f1a y lo compran a un productor local, por lo que cumple los estrictos criterios de evaluaci\u00f3n de productos para la concesi\u00f3n de la etiqueta ecol\u00f3gica de la UE. Envasan sus productos en papel o pl\u00e1stico reciclado.<\/span><\/p>\t\t\t\t\t\t\t\t<\/div>\n\t\t\t\t<\/div>\n\t\t\t\t<div class=\"elementor-element elementor-element-35dcdfb elementor-widget elementor-widget-heading\" data-id=\"35dcdfb\" data-element_type=\"widget\" data-widget_type=\"heading.default\">\n\t\t\t\t<div class=\"elementor-widget-container\">\n\t\t\t\t\t<h3 class=\"elementor-heading-title elementor-size-default\">\u25cf\tPongeToys<\/h3>\t\t\t\t<\/div>\n\t\t\t\t<\/div>\n\t\t\t\t<div class=\"elementor-element elementor-element-bd22d60 elementor-widget elementor-widget-text-editor\" data-id=\"bd22d60\" data-element_type=\"widget\" data-widget_type=\"text-editor.default\">\n\t\t\t\t<div class=\"elementor-widget-container\">\n\t\t\t\t\t\t\t\t\t<p><span style=\"font-weight: 400;\">La empresa PongeToys se cre\u00f3 como una peque\u00f1a empresa familiar en Osijek (Croacia). Crean juguetes de madera para ni\u00f1os de todo el mundo. PongeToys cuida el medio ambiente y la seguridad de los ni\u00f1os, sus juguetes tienen que ser seguros para ambos. S\u00f3lo producen y venden juguetes de madera de calidad fabricados con materiales naturales, biodegradables y\/o reciclados. Son duraderos y m\u00e1s resistentes que los de pl\u00e1stico, por lo que generan menos residuos. Al donar un juguete de madera a un ni\u00f1o, no se contribuye a la contaminaci\u00f3n ambiental y se protege as\u00ed su futuro.<\/span> <span style=\"font-weight: 400;\"><br><\/span><\/p>\t\t\t\t\t\t\t\t<\/div>\n\t\t\t\t<\/div>\n\t\t\t\t<div class=\"elementor-element elementor-element-9395896 elementor-invisible elementor-widget elementor-widget-image\" data-id=\"9395896\" data-element_type=\"widget\" data-settings=\"{&quot;_animation&quot;:&quot;bounceInLeft&quot;}\" data-widget_type=\"image.default\">\n\t\t\t\t<div class=\"elementor-widget-container\">\n\t\t\t\t\t\t\t\t\t\t\t\t\t\t\t<img loading=\"lazy\" decoding=\"async\" width=\"927\" height=\"1024\" src=\"https:\/\/thinkdifferently-actdifferently.eu\/wp-content\/uploads\/2023\/08\/image29-927x1024.png\" class=\"attachment-large size-large wp-image-26799\" alt=\"\" srcset=\"https:\/\/thinkdifferently-actdifferently.eu\/wp-content\/uploads\/2023\/08\/image29-927x1024.png 927w, https:\/\/thinkdifferently-actdifferently.eu\/wp-content\/uploads\/2023\/08\/image29-272x300.png 272w, https:\/\/thinkdifferently-actdifferently.eu\/wp-content\/uploads\/2023\/08\/image29-768x849.png 768w, https:\/\/thinkdifferently-actdifferently.eu\/wp-content\/uploads\/2023\/08\/image29-1390x1536.png 1390w, https:\/\/thinkdifferently-actdifferently.eu\/wp-content\/uploads\/2023\/08\/image29.png 1448w\" sizes=\"(max-width: 927px) 100vw, 927px\" \/>\t\t\t\t\t\t\t\t\t\t\t\t\t\t\t<\/div>\n\t\t\t\t<\/div>\n\t\t\t\t<div class=\"elementor-element elementor-element-3a241d4 elementor-widget elementor-widget-heading\" data-id=\"3a241d4\" data-element_type=\"widget\" data-widget_type=\"heading.default\">\n\t\t\t\t<div class=\"elementor-widget-container\">\n\t\t\t\t\t<h3 class=\"elementor-heading-title elementor-size-default\">\u25cf\tP\u010cELARKO OMOTI\n<\/h3>\t\t\t\t<\/div>\n\t\t\t\t<\/div>\n\t\t\t\t<div class=\"elementor-element elementor-element-07bd50d elementor-widget elementor-widget-text-editor\" data-id=\"07bd50d\" data-element_type=\"widget\" data-widget_type=\"text-editor.default\">\n\t\t\t\t<div class=\"elementor-widget-container\">\n\t\t\t\t\t\t\t\t\t<p><span style=\"font-weight: 400;\">P\u010delarko Omoti es el primer envoltorio ecol\u00f3gico croata para empaquetar alimentos. Los envoltorios de cera de abeja son una alternativa ecol\u00f3gica y reutilizable al papel de aluminio y al film transparente. Creado por Marina Devide, que vive en Vela Luka, en la isla de Kor\u010dula, el embalaje tiene una caducidad de 12 meses.<\/span><\/p><p><span style=\"font-weight: 400;\">\"Sirven para envolver pan, queso, fruta, verdura, bocadillos. Se puede cubrir un cuenco o una bandeja, y tambi\u00e9n se puede utilizar como tapa para un recipiente de cristal\", explica Marina, antes de a\u00f1adir.<\/span><\/p><p><span style=\"font-weight: 400;\">\"Ayudan a disminuir el pl\u00e1stico de un solo uso. Al ser compostables son de residuo cero y ayudan a reducir la contaminaci\u00f3n por pl\u00e1stico hacia una vida m\u00e1s sostenible. Sin ingredientes t\u00f3xicos, envuelven los alimentos de forma ecol\u00f3gica y prolongan su vida \u00fatil.\"<\/span><\/p><p><span style=\"font-weight: 400;\">Los embalajes de P\u010delarko Omoti est\u00e1n fabricados con tejido de algod\u00f3n OEKO-TEX, cera de abeja, resina de pino, jojoba y aceite de coco, y se presentan en seis tama\u00f1os diferentes.<\/span><\/p>\t\t\t\t\t\t\t\t<\/div>\n\t\t\t\t<\/div>\n\t\t\t\t<div class=\"elementor-element elementor-element-146b85e elementor-invisible elementor-widget elementor-widget-image\" data-id=\"146b85e\" data-element_type=\"widget\" data-settings=\"{&quot;_animation&quot;:&quot;bounceInRight&quot;}\" data-widget_type=\"image.default\">\n\t\t\t\t<div class=\"elementor-widget-container\">\n\t\t\t\t\t\t\t\t\t\t\t\t\t\t\t<img loading=\"lazy\" decoding=\"async\" width=\"1024\" height=\"1024\" src=\"https:\/\/thinkdifferently-actdifferently.eu\/wp-content\/uploads\/2023\/08\/image31-1024x1024.png\" class=\"attachment-large size-large wp-image-26800\" alt=\"\" srcset=\"https:\/\/thinkdifferently-actdifferently.eu\/wp-content\/uploads\/2023\/08\/image31-1024x1024.png 1024w, https:\/\/thinkdifferently-actdifferently.eu\/wp-content\/uploads\/2023\/08\/image31-300x300.png 300w, https:\/\/thinkdifferently-actdifferently.eu\/wp-content\/uploads\/2023\/08\/image31-150x150.png 150w, https:\/\/thinkdifferently-actdifferently.eu\/wp-content\/uploads\/2023\/08\/image31-768x768.png 768w, https:\/\/thinkdifferently-actdifferently.eu\/wp-content\/uploads\/2023\/08\/image31.png 1248w\" sizes=\"(max-width: 1024px) 100vw, 1024px\" \/>\t\t\t\t\t\t\t\t\t\t\t\t\t\t\t<\/div>\n\t\t\t\t<\/div>\n\t\t\t\t<div class=\"elementor-element elementor-element-a92285d romania elementor-widget elementor-widget-heading\" data-id=\"a92285d\" data-element_type=\"widget\" id=\"romania\" data-widget_type=\"heading.default\">\n\t\t\t\t<div class=\"elementor-widget-container\">\n\t\t\t\t\t<h3 class=\"elementor-heading-title elementor-size-default\">El caso de Ruman\u00eda\n<\/h3>\t\t\t\t<\/div>\n\t\t\t\t<\/div>\n\t\t\t\t<div class=\"elementor-element elementor-element-32bcf8a elementor-widget elementor-widget-text-editor\" data-id=\"32bcf8a\" data-element_type=\"widget\" data-widget_type=\"text-editor.default\">\n\t\t\t\t<div class=\"elementor-widget-container\">\n\t\t\t\t\t\t\t\t\t<p><span style=\"font-weight: 400;\">En Ruman\u00eda, el concepto de econom\u00eda circular se considera prioritario para el desarrollo sostenible del pa\u00eds. Uno de los objetivos clave es reducir la producci\u00f3n de residuos y hacer un uso eficiente de los recursos disponibles.<\/span><\/p><p><span style=\"font-weight: 400;\">En este sentido, se han puesto en marcha varias medidas y pol\u00edticas para promover la econom\u00eda circular: desarrollo de infraestructuras para el reciclaje y la gesti\u00f3n de residuos, incentivos fiscales para las empresas que adopten pr\u00e1cticas circulares, apoyo a la innovaci\u00f3n y la investigaci\u00f3n en el \u00e1mbito de la econom\u00eda circular, as\u00ed como educaci\u00f3n y concienciaci\u00f3n p\u00fablica sobre la importancia de este enfoque.<\/span><\/p><p><span style=\"font-weight: 400;\">La Agencia Nacional de Econom\u00eda Circular se encarga de coordinar y aplicar las pol\u00edticas y medidas en este \u00e1mbito. Aplica la Estrategia Nacional de Econom\u00eda Circular, que ha fijado objetivos y medidas para la transici\u00f3n a un modelo econ\u00f3mico circular.<\/span><\/p><p><span style=\"font-weight: 400;\">Tambi\u00e9n se han creado asociaciones entre las autoridades, el sector privado y las organizaciones no gubernamentales para promover la econom\u00eda circular y desarrollar soluciones conjuntas. Se han puesto en marcha proyectos en distintos sectores, como la agricultura, el textil, la construcci\u00f3n y las tecnolog\u00edas de la informaci\u00f3n, para fomentar la innovaci\u00f3n y la creaci\u00f3n de empleo sostenible.<\/span><\/p><ul><li><span style=\"font-weight: 400;\">Ruman\u00eda ha adoptado sistemas de responsabilidad ampliada del productor (RAP) para determinadas categor\u00edas de productos, como los envases y los aparatos el\u00e9ctricos y electr\u00f3nicos. Estos sistemas imponen a los productores la responsabilidad de recoger y reciclar sus productos al final de su vida \u00fatil. A trav\u00e9s de estos sistemas, se anima a los productores a desarrollar productos sostenibles y f\u00e1ciles de reciclar, contribuyendo as\u00ed a la econom\u00eda circular.<\/span><\/li><\/ul><div>\u00a0<\/div><ul><li><span style=\"font-weight: 400;\">Otro ejemplo de econom\u00eda circular en Ruman\u00eda es la promoci\u00f3n del concepto de alquilar o compartir bienes. Las empresas que ofrecen servicios de alquiler de bicicletas, herramientas o equipos electr\u00f3nicos permiten a la gente utilizar estos bienes temporalmente, evitando as\u00ed la compra de bienes nuevos para utilizarlos s\u00f3lo ocasionalmente. Esto reduce el consumo de recursos y la generaci\u00f3n de residuos.<\/span><\/li><\/ul><div>\u00a0<\/div><ul><li class=\" translation-block\">\u201cRopa y accesorios reutilizados, reciclados y reaprovechados\u201d - REDU es la primera empresa social de Ruman\u00eda que crea productos nuevos y mejorados a partir de residuos textiles de preconsumo y postconsumo y la primera iniciativa en Iasi que recoge materiales viejos y usados de la comunidad para reutilizarlos.<\/li><\/ul><div>\u00a0<\/div><ul><li><p style=\"font-size: 16px; display: inline !important;\">La actividad incluye acciones de recogida de residuos textiles, su recuperaci\u00f3n en un taller, as\u00ed como la comercializaci\u00f3n de productos de valor a\u00f1adido, para garantizar la viabilidad financiera y multiplicar el impacto positivo.<\/p><\/li><\/ul><p style=\"font-size: 16px;\">El objetivo del proyecto es desarrollar un modelo de econom\u00eda circular a escala local. Por ello, su labor incluye acciones de recogida de residuos textiles y su posterior recuperaci\u00f3n en un taller, as\u00ed como la comercializaci\u00f3n de productos con valor a\u00f1adido para garantizar la viabilidad financiera y multiplicar los impactos positivos. El trabajo del proyecto contin\u00faa hoy en d\u00eda en forma de empresa social que pretende cambiar la manera de ver la moda de una elecci\u00f3n impulsiva a una consciente. Se ofrecen soluciones pr\u00e1cticas para la mejora textil: servicios de confecci\u00f3n y personalizaci\u00f3n de productos, utilizando materiales recuperados, donados por la comunidad local o recogidos en talleres creativos y f\u00e1bricas, o materiales sostenibles adquiridos a proveedores locales, con el fin de mejorar el impacto negativo de la industria textil en el medio ambiente.<\/p><p>\u00a0<\/p>\t\t\t\t\t\t\t\t<\/div>\n\t\t\t\t<\/div>\n\t\t\t\t<div class=\"elementor-element elementor-element-c384bc8 elementor-widget elementor-widget-text-editor\" data-id=\"c384bc8\" data-element_type=\"widget\" data-widget_type=\"text-editor.default\">\n\t\t\t\t<div class=\"elementor-widget-container\">\n\t\t\t\t\t\t\t\t\t<p><b>Principales resultados:<\/b><\/p><ul><li><span style=\"font-style: inherit; font-weight: inherit;\">\u00a0\u00a0<\/span><span style=\"font-style: inherit; font-weight: inherit;\">Creaci\u00f3n de 8 puestos de trabajo a tiempo parcial y completo en los \u00e1mbitos del dise\u00f1o, la confecci\u00f3n y la promoci\u00f3n de la actividad empresarial social;<\/span><\/li><\/ul><div>\u00a0<\/div><ul><li style=\"font-weight: 400;\" aria-level=\"1\"><span style=\"font-weight: 400;\">\u00a0\u00a0<\/span><span style=\"font-weight: 400;\">Recogida de aproximadamente 4.950 kg de residuos textiles postconsumo a trav\u00e9s de 10 puntos de recogida, de particulares en Iasi, y de aproximadamente 450 kg de residuos preconsumo, de f\u00e1bricas que utilizan textiles;<\/span><\/li><\/ul><div>\u00a0<\/div><ul><li style=\"font-weight: 400;\" aria-level=\"1\"><span style=\"font-weight: 400;\">\u00a0<\/span><span style=\"font-weight: 400;\">La creaci\u00f3n de 1169 productos \"VERDES\" en el taller REDU, lo que supuso dise\u00f1ar, identificar los materiales adecuados y procesarlos para que adoptaran la forma de nuevos productos \u00fatiles y atractivos;<\/span><\/li><\/ul><div>\u00a0<\/div><ul><li style=\"font-weight: 400;\" aria-level=\"1\"><span style=\"font-weight: 400;\">\u00a0\u00a0<\/span><span style=\"font-weight: 400;\">Fabricaci\u00f3n de 596 productos a medida a partir de materiales obtenidos de la actividad de recogida de residuos textiles;<\/span><\/li><\/ul><div>\u00a0<\/div><ul><li style=\"font-weight: 400;\" aria-level=\"1\"><span style=\"font-weight: 400;\">\u00a0<\/span><span style=\"font-weight: 400;\">Retoque de 129 productos de residentes de Iasi en el taller de reparaci\u00f3n REDU;<\/span><\/li><\/ul><div>\u00a0<\/div><ul><li style=\"font-weight: 400;\" aria-level=\"1\"><span style=\"font-weight: 400;\">Renovaci\u00f3n de aproximadamente 2.060 productos cuya \"vida \u00fatil\" se ha prolongado;<\/span><\/li><\/ul><div>\u00a0<\/div><ul><li style=\"font-weight: 400;\" aria-level=\"1\"><span style=\"font-weight: 400;\">Comercializaci\u00f3n de productos a unos 1500 consumidores responsables.<\/span><\/li><\/ul>\t\t\t\t\t\t\t\t<\/div>\n\t\t\t\t<\/div>\n\t\t\t\t<div class=\"elementor-element elementor-element-3f1fbc6 elementor-widget elementor-widget-heading\" data-id=\"3f1fbc6\" data-element_type=\"widget\" data-widget_type=\"heading.default\">\n\t\t\t\t<div class=\"elementor-widget-container\">\n\t\t\t\t\t<h3 class=\"elementor-heading-title elementor-size-default\">\u2022\tROCESP (ROMANIAN CIRCULAR ECONOMY STAKEHOLDERS PLATFORMS)\n<\/h3>\t\t\t\t<\/div>\n\t\t\t\t<\/div>\n\t\t\t\t<div class=\"elementor-element elementor-element-b980c3a elementor-widget elementor-widget-text-editor\" data-id=\"b980c3a\" data-element_type=\"widget\" data-widget_type=\"text-editor.default\">\n\t\t\t\t<div class=\"elementor-widget-container\">\n\t\t\t\t\t\t\t\t\t<p><span style=\"font-weight: 400;\">El Instituto de Investigaci\u00f3n en Econom\u00eda Circular y Medio Ambiente \"Ernest Lupan\" fund\u00f3 la plataforma <\/span><b>ROCESP <\/b><span style=\"font-weight: 400;\"><b>(<\/b>Romanian Circular Economy Stakeholder Platforms<\/span><a href=\"https:\/\/rocesp.ro\/\"> <b>https:\/\/rocesp.ro\/<\/b><\/a><b>).<\/b><span style=\"font-weight: 400;\"> Dicha plataforma desempe\u00f1a la funci\u00f3n de red de redes cuyo prop\u00f3sito es crear un punto de convergencia nacional sobre las iniciativas, experiencias, cuestiones cr\u00edticas, perspectivas y expectativas con respecto a la econom\u00eda circular que Ruman\u00eda quiere y puede representar en Europa, promoviendo la forma rumana de adaptar la econom\u00eda, tambi\u00e9n a trav\u00e9s de acciones espec\u00edficas dedicadas al pilar econ\u00f3mico, social y medioambiental.<\/span><\/p><p><span style=\"font-weight: 400;\">Los miembros de la Plataforma ROCESP son instituciones de la administraci\u00f3n p\u00fablica local y central, instituciones acad\u00e9micas, de investigaci\u00f3n e innovaci\u00f3n, pero tambi\u00e9n empresas, asociaciones profesionales y representantes de la sociedad civil. Todos ellos se adhieren al Estatuto ROCESP que define los objetivos, estructura, \u00e1reas de inter\u00e9s y herramientas operativas de la plataforma.<\/span><\/p>\t\t\t\t\t\t\t\t<\/div>\n\t\t\t\t<\/div>\n\t\t\t\t<div class=\"elementor-element elementor-element-5d6db9f elementor-widget elementor-widget-heading\" data-id=\"5d6db9f\" data-element_type=\"widget\" data-widget_type=\"heading.default\">\n\t\t\t\t<div class=\"elementor-widget-container\">\n\t\t\t\t\t<h3 class=\"elementor-heading-title elementor-size-default\">\u2022\tS.C. ECO BIHOR SRL<\/h3>\t\t\t\t<\/div>\n\t\t\t\t<\/div>\n\t\t\t\t<div class=\"elementor-element elementor-element-418fd24 elementor-widget elementor-widget-text-editor\" data-id=\"418fd24\" data-element_type=\"widget\" data-widget_type=\"text-editor.default\">\n\t\t\t\t<div class=\"elementor-widget-container\">\n\t\t\t\t\t\t\t\t\t<p><span style=\"font-weight: 400;\">ha construido una estaci\u00f3n donde los residuos org\u00e1nicos s\u00f3lidos son descompuestos y transformados por microorganismos (principalmente bacterias y hongos) en un material estable que puede ser usado en la agricultura o utilizado para cubrir los taludes de vertederos conformes. A partir de una receta especial, se obtiene una mezcla de tierra para flores que se capitaliza tanto en sacos como a granel.<\/span><\/p><p><span style=\"font-weight: 400;\">Posteriormente, la empresa ampli\u00f3 su actividad con la planta de tratamiento biol\u00f3gico mec\u00e1nico para residuos dom\u00e9sticos y asimilables de la poblaci\u00f3n. El objetivo de dicha actividad de tratamiento es reducir la cantidad de residuos depositados mediante la clasificaci\u00f3n y recuperaci\u00f3n de restos reciclables de esta masa, y obtener un compost de baja calidad mediante el tratamiento de sus residuos org\u00e1nicos que se utiliza para la cobertura diaria de residuos depositados.<\/span><\/p><p><span style=\"font-weight: 400;\">Tras ese tratamiento, los residuos industriales y los que no pueden tratarse se depositan en el vertedero ecol\u00f3gico. El lixiviado drenado (aguas residuales) pasa a trav\u00e9s de las plantas de tratamiento de \u00f3smosis inversa, y este proceso conlleva a la producci\u00f3n de agua de calidad est\u00e1ndar. El biog\u00e1s generado por el vertedero es capturado y recuperado energ\u00e9ticamente a trav\u00e9s de la estaci\u00f3n de biog\u00e1s con conexi\u00f3n a la red energ\u00e9tica nacional, obteniendo as\u00ed certificados verdes.<\/span><\/p>\t\t\t\t\t\t\t\t<\/div>\n\t\t\t\t<\/div>\n\t\t\t\t<div class=\"elementor-element elementor-element-85cecd0 elementor-widget elementor-widget-heading\" data-id=\"85cecd0\" data-element_type=\"widget\" data-widget_type=\"heading.default\">\n\t\t\t\t<div class=\"elementor-widget-container\">\n\t\t\t\t\t<h3 class=\"elementor-heading-title elementor-size-default\">\u2022\tHubrica-creative agora<\/h3>\t\t\t\t<\/div>\n\t\t\t\t<\/div>\n\t\t\t\t<div class=\"elementor-element elementor-element-f7a6481 elementor-widget elementor-widget-text-editor\" data-id=\"f7a6481\" data-element_type=\"widget\" data-widget_type=\"text-editor.default\">\n\t\t\t\t<div class=\"elementor-widget-container\">\n\t\t\t\t\t\t\t\t\t<p><span style=\"font-weight: 400;\">El proyecto naci\u00f3 de la necesidad de asociar a especialistas de diversos campos (artistas, arquitectos, investigadores de TIC, dise\u00f1adores, creadores) explorando formas de trabajo colaborativo en el verano de 2016.<\/span><\/p><p><span style=\"font-weight: 400;\">El objetivo de esta plataforma creativa es tener un impacto en 2 direcciones:<\/span><\/p><ul><li><span style=\"font-weight: 400;\">Talleres individuales (colaboraci\u00f3n, intercambio de experiencias, experimentos, investigaci\u00f3n);<\/span><\/li><li><span style=\"font-weight: 400;\">Comunidad (p\u00fablico en general), (eventos, exposiciones, talleres, teatro, debates), (revitalizaci\u00f3n del \u00e1rea urbana).<\/span><\/li><\/ul><p><span style=\"font-weight: 400;\">Los objetivos de las buenas pr\u00e1cticas son crear un espacio com\u00fan para fomentar\/estimular la creatividad y la innovaci\u00f3n, reunir a m\u00e1s artistas y talleres, abrir un centro (HUB) para una comunidad m\u00e1s amplia, crear un laboratorio de innovaci\u00f3n basado en la investigaci\u00f3n, el esp\u00edritu empresarial y la educaci\u00f3n, y estimular a la comunidad en busca de inspiraci\u00f3n y nuevas ideas para el desarrollo.<\/span><\/p><p><span style=\"font-weight: 400;\">El espacio es similar a un:<\/span><\/p><ul><li><span style=\"font-weight: 400;\">Espacio de colaboraci\u00f3n.<\/span><\/li><li><span style=\"font-weight: 400;\">Centro creativo.<\/span><\/li><li><span style=\"font-weight: 400;\">F\u00e1brica, espacio creativo.<\/span><\/li><li><span style=\"font-weight: 400;\">Plataforma de colaboraci\u00f3n.<\/span><\/li><\/ul><p><span style=\"font-weight: 400;\">To je jedinstven koncept, razvijen organski, koji nisu prona\u0161li nigdje drugdje, ali su inspiraciju prona\u0161li u drugim modelima.<\/span><\/p><p><span style=\"font-weight: 400;\">Al involucrar a la comunidad, identificaron desaf\u00edos culturales. Se dieron cuenta de la necesidad de tener una comunidad que necesita estar mejor informada y educada sobre el papel que tiene esta pr\u00e1ctica (Hubrica) en el desarrollo comunitario. Para ello, iniciaron un proyecto a trav\u00e9s del cual desarrollaron un enfoque triple para ser m\u00e1s resilientes al mercado: emprendimiento, innovaci\u00f3n y educaci\u00f3n.<\/span><\/p><p><b>\u00a0<i>Resultados principales<\/i><\/b><\/p><ul><li><span style=\"font-weight: 400;\">Han organizado varias exposiciones y actos con repercusiones positivas.<\/span><\/li><li><span style=\"font-weight: 400;\">Se puede visitar el espacio para ver los talleres y los artistas que forman parte de este HUB.<\/span><\/li><li><span style=\"font-weight: 400;\">Se han ganado la confianza y el apoyo de la comunidad ya que han podido recaudar fondos para restaurar las zonas comunes del espacio en el que se encuentran.<\/span><\/li><\/ul>\t\t\t\t\t\t\t\t<\/div>\n\t\t\t\t<\/div>\n\t\t\t\t<div class=\"elementor-element elementor-element-6a464cf elementor-invisible elementor-widget elementor-widget-image\" data-id=\"6a464cf\" data-element_type=\"widget\" data-settings=\"{&quot;_animation&quot;:&quot;bounceInLeft&quot;}\" data-widget_type=\"image.default\">\n\t\t\t\t<div class=\"elementor-widget-container\">\n\t\t\t\t\t\t\t\t\t\t\t\t\t\t\t<img loading=\"lazy\" decoding=\"async\" width=\"531\" height=\"531\" src=\"https:\/\/thinkdifferently-actdifferently.eu\/wp-content\/uploads\/2023\/08\/image40.jpeg\" class=\"attachment-full size-full wp-image-26790\" alt=\"\" srcset=\"https:\/\/thinkdifferently-actdifferently.eu\/wp-content\/uploads\/2023\/08\/image40.jpeg 531w, https:\/\/thinkdifferently-actdifferently.eu\/wp-content\/uploads\/2023\/08\/image40-300x300.jpeg 300w, https:\/\/thinkdifferently-actdifferently.eu\/wp-content\/uploads\/2023\/08\/image40-150x150.jpeg 150w\" sizes=\"(max-width: 531px) 100vw, 531px\" \/>\t\t\t\t\t\t\t\t\t\t\t\t\t\t\t<\/div>\n\t\t\t\t<\/div>\n\t\t\t\t<div class=\"elementor-element elementor-element-0282b2f portugal elementor-widget elementor-widget-heading\" data-id=\"0282b2f\" data-element_type=\"widget\" id=\"portugal\" data-widget_type=\"heading.default\">\n\t\t\t\t<div class=\"elementor-widget-container\">\n\t\t\t\t\t<h3 class=\"elementor-heading-title elementor-size-default\">El caso de Portugal\n<\/h3>\t\t\t\t<\/div>\n\t\t\t\t<\/div>\n\t\t\t\t<div class=\"elementor-element elementor-element-aa79aed elementor-widget elementor-widget-heading\" data-id=\"aa79aed\" data-element_type=\"widget\" data-widget_type=\"heading.default\">\n\t\t\t\t<div class=\"elementor-widget-container\">\n\t\t\t\t\t<h3 class=\"elementor-heading-title elementor-size-default\">Recogida y reciclaje de c\u00e1psulas de caf\u00e9 en Cascais, Portugal\n<\/h3>\t\t\t\t<\/div>\n\t\t\t\t<\/div>\n\t\t\t\t<div class=\"elementor-element elementor-element-a70b0d9 elementor-widget elementor-widget-text-editor\" data-id=\"a70b0d9\" data-element_type=\"widget\" data-widget_type=\"text-editor.default\">\n\t\t\t\t<div class=\"elementor-widget-container\">\n\t\t\t\t\t\t\t\t\t<p><span style=\"font-weight: 400;\">Cascais ha recogido la impresionante cifra de 1,5 toneladas de c\u00e1psulas de caf\u00e9 en solo tres meses, gracias a un proyecto de colaboraci\u00f3n lanzado a finales de 2022. Este proyecto pionero en Portugal tiene como objetivo reciclar las c\u00e1psulas separando el aluminio, el pl\u00e1stico y los posos del caf\u00e9 para crear nuevos productos. El protocolo para la recogida y reciclaje de c\u00e1psulas de caf\u00e9 fue firmado entre la empresa municipal Cascais Ambiente, Tratolixo y productores y distribuidores de caf\u00e9. Desde entonces, los ocho ecocentros de la ciudad est\u00e1n a disposici\u00f3n de los residentes para depositar sus c\u00e1psulas usadas, sin importar marca o material. La iniciativa ha recibido un gran apoyo de los consumidores, con m\u00e1s de 106.000 c\u00e1psulas desviadas de los vertederos en los primeros tres meses de funcionamiento. El aluminio y el pl\u00e1stico de las c\u00e1psulas se utilizar\u00e1n en la elaboraci\u00f3n de nuevos productos, mientras que los posos del caf\u00e9 se transformar\u00e1n en abono org\u00e1nico para uso agr\u00edcola.<\/span><\/p>\t\t\t\t\t\t\t\t<\/div>\n\t\t\t\t<\/div>\n\t\t\t\t<div class=\"elementor-element elementor-element-4876f27 elementor-widget elementor-widget-heading\" data-id=\"4876f27\" data-element_type=\"widget\" data-widget_type=\"heading.default\">\n\t\t\t\t<div class=\"elementor-widget-container\">\n\t\t\t\t\t<h3 class=\"elementor-heading-title elementor-size-default\">N\u00c3M - El siguiente paso para los posos de caf\u00e9\n<\/h3>\t\t\t\t<\/div>\n\t\t\t\t<\/div>\n\t\t\t\t<div class=\"elementor-element elementor-element-ac2bb38 elementor-widget elementor-widget-text-editor\" data-id=\"ac2bb38\" data-element_type=\"widget\" data-widget_type=\"text-editor.default\">\n\t\t\t\t<div class=\"elementor-widget-container\">\n\t\t\t\t\t\t\t\t\t<p><span style=\"font-weight: 400;\">N\u00c3M, una startup con sede en Lisboa, Portugal, est\u00e1 revolucionando el uso de posos de caf\u00e9 en la producci\u00f3n de alimentos. La empresa adopta un modelo de negocio inspirado en la naturaleza, con el objetivo de eliminar el desperdicio. Despu\u00e9s de meses de experimentaci\u00f3n, N\u00c3M cultiv\u00f3 con \u00e9xito hongos ostra utilizando una combinaci\u00f3n de posos de caf\u00e9, paja y micelio.\u00a0<\/span><\/p><p><span style=\"font-style: inherit;\">La colaboraci\u00f3n con Delta Caf\u00e9s ha impulsado la producci\u00f3n: la startup recibe diariamente 100 kg de posos de caf\u00e9, cantidad que pretende duplicar en 2021. Las setas se suministran a los restaurantes en un radio de 15 km, mientras que el residuo del proceso se transforma en fertilizante natural para jardines y granjas locales en colaboraci\u00f3n con los socios de N\u00c3M. La compa\u00f1\u00eda representa un ejemplo notable de econom\u00eda circular y sostenibilidad.<\/span><\/p>\t\t\t\t\t\t\t\t<\/div>\n\t\t\t\t<\/div>\n\t\t\t\t<div class=\"elementor-element elementor-element-f75e935 elementor-invisible elementor-widget elementor-widget-image\" data-id=\"f75e935\" data-element_type=\"widget\" data-settings=\"{&quot;_animation&quot;:&quot;bounceInRight&quot;}\" data-widget_type=\"image.default\">\n\t\t\t\t<div class=\"elementor-widget-container\">\n\t\t\t\t\t\t\t\t\t\t\t\t\t\t\t<img loading=\"lazy\" decoding=\"async\" width=\"587\" height=\"520\" src=\"https:\/\/thinkdifferently-actdifferently.eu\/wp-content\/uploads\/2023\/08\/image35_bg.jpeg\" class=\"attachment-large size-large wp-image-26791\" alt=\"\" srcset=\"https:\/\/thinkdifferently-actdifferently.eu\/wp-content\/uploads\/2023\/08\/image35_bg.jpeg 587w, https:\/\/thinkdifferently-actdifferently.eu\/wp-content\/uploads\/2023\/08\/image35_bg-300x266.jpeg 300w\" sizes=\"(max-width: 587px) 100vw, 587px\" \/>\t\t\t\t\t\t\t\t\t\t\t\t\t\t\t<\/div>\n\t\t\t\t<\/div>\n\t\t\t\t<div class=\"elementor-element elementor-element-dcb6ca7 elementor-widget elementor-widget-heading\" data-id=\"dcb6ca7\" data-element_type=\"widget\" data-widget_type=\"heading.default\">\n\t\t\t\t<div class=\"elementor-widget-container\">\n\t\t\t\t\t<h3 class=\"elementor-heading-title elementor-size-default\">SKIZO \u2013 El plan para reducir los micropl\u00e1sticos en nuestros oc\u00e9anos\n<\/h3>\t\t\t\t<\/div>\n\t\t\t\t<\/div>\n\t\t\t\t<div class=\"elementor-element elementor-element-0976457 elementor-widget elementor-widget-text-editor\" data-id=\"0976457\" data-element_type=\"widget\" data-widget_type=\"text-editor.default\">\n\t\t\t\t<div class=\"elementor-widget-container\">\n\t\t\t\t\t\t\t\t\t<p><span style=\"font-weight: 400;\">Skizo, una startup portuguesa, ha lanzado recientemente una bolsa de lavander\u00eda sint\u00e9tica que recoge los micropl\u00e1sticos liberados por las fibras. La bolsa evita el vertido de peque\u00f1os trozos de pl\u00e1stico a r\u00edos y oc\u00e9anos, seg\u00fan explica la startup en un comunicado.<\/span><\/p><p><span style=\"font-weight: 400;\">La bolsa est\u00e1 hecha de \"redes de pesca desechadas y pl\u00e1stico recogido en la costa y en las playas portuguesas por los pescadores locales, que luego son transformados en textiles por empresas del norte de Portugal\". Las botellas de pl\u00e1stico y las redes de pesca se limpian inicialmente, se trituran y se convierten en pellets (peque\u00f1as bolas de pl\u00e1stico), que luego se convierten en hilo y se clasifican en poli\u00e9ster (de las botellas) y poliamida (de las redes).<\/span><\/p><p><span style=\"font-weight: 400;\">Skizo, afirm\u00f3: \"Se estima que el 35% de los micropl\u00e1sticos liberados en el oc\u00e9ano provienen del desgaste de los textiles sint\u00e9ticos durante el lavado. Estos micropl\u00e1sticos son ingeridos por los peces, que luego consumimos. Esta bolsa es un primer paso para ayudar a resolver este problema ambiental.\" Para utilizar la bolsa de lavado, agregaron, \"simplemente ll\u00e9nela con aproximadamente dos tercios de ropa sint\u00e9tica y m\u00e9tala en la lavadora junto con otras prendas. Como las bolsas est\u00e1n hechas con una fina capa de poliamida con aberturas de unos 50 micr\u00f3metros, las fibras que pueden desprenderse de la ropa sint\u00e9tica quedan atrapadas en la bolsa y pueden desecharse para reciclar el pl\u00e1stico\".<\/span><\/p><p><span style=\"font-weight: 400;\">Skizo inici\u00f3 la gama de productos con el desarrollo de zapatillas de deporte. Despu\u00e9s de vender en numerosos pa\u00edses europeos, Brasil, Estados Unidos y Canad\u00e1, lanzar\u00e1 un nuevo dise\u00f1o de zapatillas personalizables en agosto. Adem\u00e1s, la startup ha creado bolsos de playa fabricados con pl\u00e1stico del oc\u00e9ano, algod\u00f3n reciclado y lino, tal y como se indica en la misma nota de prensa. En el futuro, Skizo pretende explorar la posibilidad de darle una segunda vida a los micropl\u00e1sticos recogidos por la bolsa y tambi\u00e9n incursionar en la producci\u00f3n de trajes de ba\u00f1o a partir de redes de pesca desechadas.\u00a0<\/span><\/p>\t\t\t\t\t\t\t\t<\/div>\n\t\t\t\t<\/div>\n\t\t\t\t<div class=\"elementor-element elementor-element-fd990d9 elementor-invisible elementor-widget elementor-widget-image\" data-id=\"fd990d9\" data-element_type=\"widget\" data-settings=\"{&quot;_animation&quot;:&quot;bounceInLeft&quot;}\" data-widget_type=\"image.default\">\n\t\t\t\t<div class=\"elementor-widget-container\">\n\t\t\t\t\t\t\t\t\t\t\t\t\t\t\t<img loading=\"lazy\" decoding=\"async\" width=\"828\" height=\"479\" src=\"https:\/\/thinkdifferently-actdifferently.eu\/wp-content\/uploads\/2023\/08\/image37_bg.jpeg\" class=\"attachment-full size-full wp-image-26793\" alt=\"\" srcset=\"https:\/\/thinkdifferently-actdifferently.eu\/wp-content\/uploads\/2023\/08\/image37_bg.jpeg 828w, https:\/\/thinkdifferently-actdifferently.eu\/wp-content\/uploads\/2023\/08\/image37_bg-300x174.jpeg 300w, https:\/\/thinkdifferently-actdifferently.eu\/wp-content\/uploads\/2023\/08\/image37_bg-768x444.jpeg 768w\" sizes=\"(max-width: 828px) 100vw, 828px\" \/>\t\t\t\t\t\t\t\t\t\t\t\t\t\t\t<\/div>\n\t\t\t\t<\/div>\n\t\t\t\t<div class=\"elementor-element elementor-element-353c471 spain elementor-widget elementor-widget-heading\" data-id=\"353c471\" data-element_type=\"widget\" id=\"spain\" data-widget_type=\"heading.default\">\n\t\t\t\t<div class=\"elementor-widget-container\">\n\t\t\t\t\t<h3 class=\"elementor-heading-title elementor-size-default\">El caso de Espa\u00f1a\n<\/h3>\t\t\t\t<\/div>\n\t\t\t\t<\/div>\n\t\t\t\t<div class=\"elementor-element elementor-element-f09ee97 elementor-widget elementor-widget-heading\" data-id=\"f09ee97\" data-element_type=\"widget\" data-widget_type=\"heading.default\">\n\t\t\t\t<div class=\"elementor-widget-container\">\n\t\t\t\t\t<h3 class=\"elementor-heading-title elementor-size-default\">La aplicaci\u00f3n de la econom\u00eda circular en Espa\u00f1a y en la Uni\u00f3n Europea\n<\/h3>\t\t\t\t<\/div>\n\t\t\t\t<\/div>\n\t\t\t\t<div class=\"elementor-element elementor-element-26cf972 elementor-widget elementor-widget-text-editor\" data-id=\"26cf972\" data-element_type=\"widget\" data-widget_type=\"text-editor.default\">\n\t\t\t\t<div class=\"elementor-widget-container\">\n\t\t\t\t\t\t\t\t\t<p><span style=\"font-weight: 400;\">El paso a una econom\u00eda circular requiere la participaci\u00f3n de todos los miembros de la sociedad, no solo del gobierno. La investigaci\u00f3n y la innovaci\u00f3n son esenciales para el \u00e9xito de las industrias de fabricaci\u00f3n, producci\u00f3n, distribuci\u00f3n y gesti\u00f3n de residuos. Los consumidores y los residentes en particular deben desempe\u00f1ar un papel esencial tanto en el reciclaje como en las preferencias de los compradores.<\/span><\/p><p><span style=\"font-weight: 400;\">Si bien la Espa\u00f1a Circular 2030 est\u00e1 destinada a implementarse a lo largo de muchos a\u00f1os, se tomar\u00e1n medidas concretas en el corto y medio plazo a trav\u00e9s de una serie de planes de acci\u00f3n que se basen en el conocimiento previo y se adapten a las condiciones y eventos cambiantes para que, en base a evaluaci\u00f3n de resultados, las medidas m\u00e1s efectivas pueden incorporarse en planes posteriores. La Estrategia de Econom\u00eda Circular, junto con los planes de acci\u00f3n, pol\u00edticas e instrumentos que la acompa\u00f1an, se centrar\u00e1 en las siguientes l\u00edneas de acci\u00f3n: reutilizaci\u00f3n y depuraci\u00f3n del agua, producci\u00f3n, consumo, gesti\u00f3n de residuos y materias primas terciarias. La Estrategia Espa\u00f1ola para la Econom\u00eda Circular pretende ser el modelo de referencia para agencias gubernamentales, empresas y ciudadanos a trav\u00e9s de su enfoque interseccional. Algunas \u00e1reas de la econom\u00eda espa\u00f1ola est\u00e1n bajo estrecha observaci\u00f3n debido a su importancia para la econom\u00eda y el modo de vida del pa\u00eds. Este es el caso en los \u00e1mbitos de la construcci\u00f3n, la agricultura, la pesca y la silvicultura, la manufactura en general, los productos de consumo, los viajes y los textiles. El paradigma de la econom\u00eda circular elimina los residuos y la contaminaci\u00f3n, reutiliza materiales y regenera los sistemas naturales. El objetivo es mantener el valor de los productos, materiales y recursos en la econom\u00eda. Durante este tiempo, la basura se minimiza y se utiliza tanto como sea posible.<\/span><\/p>\t\t\t\t\t\t\t\t<\/div>\n\t\t\t\t<\/div>\n\t\t\t\t<div class=\"elementor-element elementor-element-02fb99f elementor-widget elementor-widget-heading\" data-id=\"02fb99f\" data-element_type=\"widget\" data-widget_type=\"heading.default\">\n\t\t\t\t<div class=\"elementor-widget-container\">\n\t\t\t\t\t<h3 class=\"elementor-heading-title elementor-size-default\">Factores clave en el \u00e1mbito de la econom\u00eda circular en Espa\u00f1a \n<\/h3>\t\t\t\t<\/div>\n\t\t\t\t<\/div>\n\t\t\t\t<div class=\"elementor-element elementor-element-317ef9a elementor-widget elementor-widget-text-editor\" data-id=\"317ef9a\" data-element_type=\"widget\" data-widget_type=\"text-editor.default\">\n\t\t\t\t<div class=\"elementor-widget-container\">\n\t\t\t\t\t\t\t\t\t<ul><li style=\"font-weight: 400;\" aria-level=\"1\"><span style=\"font-weight: 400;\">Construcci\u00f3n: La construcci\u00f3n domina en Espa\u00f1a. En 2018, el sector de la construcci\u00f3n aport\u00f3 el 6,5% del PIB espa\u00f1ol, pero consumi\u00f3 el 40% de los recursos, gener\u00f3 el 40% de los residuos y liber\u00f3 el 35% de las emisiones de efecto invernadero. Por lo tanto, se debe reducir el impacto del sector de la construcci\u00f3n en la sostenibilidad e introducir gradualmente tecnolog\u00edas y pr\u00e1cticas de econom\u00eda circular. La Directiva 2018\/851\/UE examina la Directiva marco sobre residuos, respaldada por el Protocolo de la UE para la gesti\u00f3n de residuos de construcci\u00f3n y demolici\u00f3n, parte de la Estrategia de construcci\u00f3n 2021, y la Comunicaci\u00f3n de la Comisi\u00f3n sobre la eficiencia de los recursos en la construcci\u00f3n. Esto aumentar\u00e1 la reutilizaci\u00f3n y el reciclaje de productos, lo que tiene beneficios medioambientales y econ\u00f3micos.\u00a0\u00a0<\/span><\/li><\/ul><div>\u00a0<\/div><ul><li style=\"font-weight: 400;\" aria-level=\"1\"><span style=\"font-weight: 400;\">Agricultura, pesca y silvicultura: la agricultura abastece el 70% de la industria de alimentos y bebidas y ayuda a asentarse e integrarse en la regi\u00f3n. El PIB de la agricultura espa\u00f1ola en 2016 fue del 10,62%. 88 millones de toneladas de desperdicio de alimentos en la UE da\u00f1an su econom\u00eda. Los costes energ\u00e9ticos y ambientales lo complican. La agricultura, como todos los sectores de la bioeconom\u00eda, debe proporcionar alimentos de mayor calidad a precios m\u00e1s baratos y al mismo tiempo garantizar el uso sostenible de los recursos naturales, la protecci\u00f3n de la biodiversidad y los ecosistemas, la reducci\u00f3n de residuos, la valorizaci\u00f3n y modelos alimentarios sostenibles.<\/span><\/li><\/ul><div>\u00a0<\/div><ul><li style=\"font-weight: 400;\" aria-level=\"1\"><span style=\"font-weight: 400;\">Industria: La industria representa el 17,7% del PIB y el 14% del empleo. Las agendas sectoriales podr\u00edan incluir necesidades de econom\u00eda circular para la sostenibilidad a mediano y largo plazo. La transformaci\u00f3n digital es necesaria para satisfacer la sociedad moderna y exigente. Las empresas industriales deben cambiar su enfoque. La gesti\u00f3n y el seguimiento impulsan la econom\u00eda circular y la eficiencia de recursos en la Industria Conectada 4.0.<\/span><\/li><\/ul><div>\u00a0<\/div><ul><li style=\"font-weight: 400;\" aria-level=\"1\"><span style=\"font-weight: 400;\">Moda: La moda es la segunda industria m\u00e1s contaminante del mundo, seg\u00fan Unctad (UN Conference on Trade and Development). Contribuye con el 10% de las emisiones globales de carbono y el 20% de las aguas residuales. La moda consume m\u00e1s energ\u00eda que los aviones y el transporte mar\u00edtimo juntos.<\/span><\/li><\/ul>\t\t\t\t\t\t\t\t<\/div>\n\t\t\t\t<\/div>\n\t\t\t\t<div class=\"elementor-element elementor-element-7ece909 elementor-widget elementor-widget-heading\" data-id=\"7ece909\" data-element_type=\"widget\" data-widget_type=\"heading.default\">\n\t\t\t\t<div class=\"elementor-widget-container\">\n\t\t\t\t\t<h3 class=\"elementor-heading-title elementor-size-default\">Empresas espa\u00f1olas ejemplares que implementan pr\u00e1cticas de econom\u00eda circular: marcando el camino hacia la sostenibilidad\n<\/h3>\t\t\t\t<\/div>\n\t\t\t\t<\/div>\n\t\t\t\t<div class=\"elementor-element elementor-element-419017a elementor-widget elementor-widget-heading\" data-id=\"419017a\" data-element_type=\"widget\" data-widget_type=\"heading.default\">\n\t\t\t\t<div class=\"elementor-widget-container\">\n\t\t\t\t\t<h3 class=\"elementor-heading-title elementor-size-default\">Infinite Athletic\n<\/h3>\t\t\t\t<\/div>\n\t\t\t\t<\/div>\n\t\t\t\t<div class=\"elementor-element elementor-element-abac3c2 elementor-widget elementor-widget-text-editor\" data-id=\"abac3c2\" data-element_type=\"widget\" data-widget_type=\"text-editor.default\">\n\t\t\t\t<div class=\"elementor-widget-container\">\n\t\t\t\t\t\t\t\t\t<p><span style=\"font-weight: 400;\">Infinite Athletic, una empresa catalana que fabrica camisetas con cordajes de raquetas de tenis, es un ejemplo de econom\u00eda circular. Esta iniciativa tiene como objetivo producir nuevas camisetas a partir de cuerdas de poli\u00e9ster. Como el poli\u00e9ster se puede reciclar para hacer ropa nueva, fabrican camisetas con una vida \u00fatil indefinida, de ah\u00ed su apodo. As\u00ed, se aprovechan de las 60 toneladas de basura de raquetas que hay en Espa\u00f1a.\u00a0<\/span><\/p>\t\t\t\t\t\t\t\t<\/div>\n\t\t\t\t<\/div>\n\t\t\t\t<div class=\"elementor-element elementor-element-7acfec2 elementor-widget elementor-widget-heading\" data-id=\"7acfec2\" data-element_type=\"widget\" data-widget_type=\"heading.default\">\n\t\t\t\t<div class=\"elementor-widget-container\">\n\t\t\t\t\t<h3 class=\"elementor-heading-title elementor-size-default\">TheCircularLab\n<\/h3>\t\t\t\t<\/div>\n\t\t\t\t<\/div>\n\t\t\t\t<div class=\"elementor-element elementor-element-9078f26 elementor-widget elementor-widget-text-editor\" data-id=\"9078f26\" data-element_type=\"widget\" data-widget_type=\"text-editor.default\">\n\t\t\t\t<div class=\"elementor-widget-container\">\n\t\t\t\t\t\t\t\t\t<p><span style=\"font-weight: 400;\">Centro de innovaci\u00f3n en embalaje y reciclaje en Logro\u00f1o, La Rioja. Un estudio innovador que explora los envases del futuro, la gesti\u00f3n inteligente de residuos en ciudades inteligentes, el consumo \u00e9tico y el reciclaje ciudadano. Este laboratorio desarrolla, prueba y ejecuta innovaciones en envases. TheCircularLab gestiona el ciclo de vida del proceso de embalaje desde su concepci\u00f3n, pasando por el ecodise\u00f1o, hasta su reintroducci\u00f3n en el ciclo de consumo a trav\u00e9s de nuevos productos en base a cuatro \u00e1reas estrat\u00e9gicas de trabajo: envasado del futuro, residuos inteligentes, concienciaci\u00f3n ciudadana y ecoemprendimiento..<\/span><\/p>\t\t\t\t\t\t\t\t<\/div>\n\t\t\t\t<\/div>\n\t\t\t\t<div class=\"elementor-element elementor-element-f31bd96 elementor-invisible elementor-widget elementor-widget-image\" data-id=\"f31bd96\" data-element_type=\"widget\" data-settings=\"{&quot;_animation&quot;:&quot;bounceInRight&quot;}\" data-widget_type=\"image.default\">\n\t\t\t\t<div class=\"elementor-widget-container\">\n\t\t\t\t\t\t\t\t\t\t\t\t\t\t\t<img loading=\"lazy\" decoding=\"async\" width=\"2500\" height=\"1452\" src=\"https:\/\/thinkdifferently-actdifferently.eu\/wp-content\/uploads\/2023\/08\/image41.png\" class=\"attachment-full size-full wp-image-26786\" alt=\"\" srcset=\"https:\/\/thinkdifferently-actdifferently.eu\/wp-content\/uploads\/2023\/08\/image41.png 2500w, https:\/\/thinkdifferently-actdifferently.eu\/wp-content\/uploads\/2023\/08\/image41-300x174.png 300w, https:\/\/thinkdifferently-actdifferently.eu\/wp-content\/uploads\/2023\/08\/image41-1024x595.png 1024w, https:\/\/thinkdifferently-actdifferently.eu\/wp-content\/uploads\/2023\/08\/image41-768x446.png 768w, https:\/\/thinkdifferently-actdifferently.eu\/wp-content\/uploads\/2023\/08\/image41-1536x892.png 1536w, https:\/\/thinkdifferently-actdifferently.eu\/wp-content\/uploads\/2023\/08\/image41-2048x1189.png 2048w\" sizes=\"(max-width: 2500px) 100vw, 2500px\" \/>\t\t\t\t\t\t\t\t\t\t\t\t\t\t\t<\/div>\n\t\t\t\t<\/div>\n\t\t\t\t<div class=\"elementor-element elementor-element-5feba08 elementor-widget elementor-widget-heading\" data-id=\"5feba08\" data-element_type=\"widget\" data-widget_type=\"heading.default\">\n\t\t\t\t<div class=\"elementor-widget-container\">\n\t\t\t\t\t<h3 class=\"elementor-heading-title elementor-size-default\">Circular Market\n<\/h3>\t\t\t\t<\/div>\n\t\t\t\t<\/div>\n\t\t\t\t<div class=\"elementor-element elementor-element-1c1b9ce elementor-widget elementor-widget-text-editor\" data-id=\"1c1b9ce\" data-element_type=\"widget\" data-widget_type=\"text-editor.default\">\n\t\t\t\t<div class=\"elementor-widget-container\">\n\t\t\t\t\t\t\t\t\t<p class=\" translation-block\">Circular Market conecta a las empresas para ayudarlas a crear valor. Un enfoque ingenioso que convierte la basura de una empresa en materia prima para otra.\nEsta plataforma tambi\u00e9n permite a los usuarios conectarse para realizar compras conjuntas, compartir recursos y crear nuevos empleos y oportunidades de negocio.<\/p>\t\t\t\t\t\t\t\t<\/div>\n\t\t\t\t<\/div>\n\t\t\t\t<div class=\"elementor-element elementor-element-789753e elementor-invisible elementor-widget elementor-widget-image\" data-id=\"789753e\" data-element_type=\"widget\" data-settings=\"{&quot;_animation&quot;:&quot;bounceInLeft&quot;}\" data-widget_type=\"image.default\">\n\t\t\t\t<div class=\"elementor-widget-container\">\n\t\t\t\t\t\t\t\t\t\t\t\t\t\t\t<img loading=\"lazy\" decoding=\"async\" width=\"489\" height=\"326\" src=\"https:\/\/thinkdifferently-actdifferently.eu\/wp-content\/uploads\/2023\/08\/image43.png\" class=\"attachment-full size-full wp-image-26785\" alt=\"\" srcset=\"https:\/\/thinkdifferently-actdifferently.eu\/wp-content\/uploads\/2023\/08\/image43.png 489w, https:\/\/thinkdifferently-actdifferently.eu\/wp-content\/uploads\/2023\/08\/image43-300x200.png 300w\" sizes=\"(max-width: 489px) 100vw, 489px\" \/>\t\t\t\t\t\t\t\t\t\t\t\t\t\t\t<\/div>\n\t\t\t\t<\/div>\n\t\t\t\t<div class=\"elementor-element elementor-element-1c07dad elementor-widget elementor-widget-heading\" data-id=\"1c07dad\" data-element_type=\"widget\" data-widget_type=\"heading.default\">\n\t\t\t\t<div class=\"elementor-widget-container\">\n\t\t\t\t\t<h3 class=\"elementor-heading-title elementor-size-default\">Sheedo Life\n<\/h3>\t\t\t\t<\/div>\n\t\t\t\t<\/div>\n\t\t\t\t<div class=\"elementor-element elementor-element-8a4b76d elementor-widget elementor-widget-text-editor\" data-id=\"8a4b76d\" data-element_type=\"widget\" data-widget_type=\"text-editor.default\">\n\t\t\t\t<div class=\"elementor-widget-container\">\n\t\t\t\t\t\t\t\t\t<p><span style=\"font-weight: 400;\">La marca espa\u00f1ola de papeler\u00eda ecol\u00f3gica Sheedo Life es muy conocida. Cada persona contribuye al objetivo de cambiar los h\u00e1bitos de consumo por otros m\u00e1s sostenibles. Sus productos de papeler\u00eda priorizan la sostenibilidad y el bienestar. El material principal utilizado es el papel sin semillas y su fabricaci\u00f3n es manual. El papel se puede plantar despu\u00e9s de su uso porque contiene semillas.<\/span><span style=\"font-weight: 400;\">\u00a0<\/span><\/p>\t\t\t\t\t\t\t\t<\/div>\n\t\t\t\t<\/div>\n\t\t\t\t<div class=\"elementor-element elementor-element-e709d0e elementor-widget elementor-widget-heading\" data-id=\"e709d0e\" data-element_type=\"widget\" data-widget_type=\"heading.default\">\n\t\t\t\t<div class=\"elementor-widget-container\">\n\t\t\t\t\t<h3 class=\"elementor-heading-title elementor-size-default\">The Ecoalf\n<\/h3>\t\t\t\t<\/div>\n\t\t\t\t<\/div>\n\t\t\t\t<div class=\"elementor-element elementor-element-77fbc3c elementor-widget elementor-widget-text-editor\" data-id=\"77fbc3c\" data-element_type=\"widget\" data-widget_type=\"text-editor.default\">\n\t\t\t\t<div class=\"elementor-widget-container\">\n\t\t\t\t\t\t\t\t\t<p><span style=\"font-weight: 400;\">La empresa de ropa Ecoalf crea sus prendas utilizando materiales reciclados como neum\u00e1ticos viejos, poli\u00e9ster e incluso posos de caf\u00e9 usados. Desde 2009, su objetivo ha sido reducir las emisiones de CO2 y el uso de agua mediante el uso de poli\u00e9ster, nailon, lana y algod\u00f3n reciclados. Certificada GRS. La norma voluntaria Global Recycled Standard (GRS) rastrea y verifica los componentes reciclados en los productos finales. Dicho proceso de la cadena de suministro abarca trazabilidad, principios ambientales, criterios sociales, composici\u00f3n qu\u00edmica y etiquetado. <\/span><\/p>\t\t\t\t\t\t\t\t<\/div>\n\t\t\t\t<\/div>\n\t\t\t\t<div class=\"elementor-element elementor-element-d60b79e elementor-invisible elementor-widget elementor-widget-image\" data-id=\"d60b79e\" data-element_type=\"widget\" data-settings=\"{&quot;_animation&quot;:&quot;bounceInRight&quot;}\" data-widget_type=\"image.default\">\n\t\t\t\t<div class=\"elementor-widget-container\">\n\t\t\t\t\t\t\t\t\t\t\t\t\t\t\t<img loading=\"lazy\" decoding=\"async\" width=\"577\" height=\"598\" src=\"https:\/\/thinkdifferently-actdifferently.eu\/wp-content\/uploads\/2023\/08\/image46_bg.jpeg\" class=\"attachment-full size-full wp-image-26784\" alt=\"\" srcset=\"https:\/\/thinkdifferently-actdifferently.eu\/wp-content\/uploads\/2023\/08\/image46_bg.jpeg 577w, https:\/\/thinkdifferently-actdifferently.eu\/wp-content\/uploads\/2023\/08\/image46_bg-289x300.jpeg 289w\" sizes=\"(max-width: 577px) 100vw, 577px\" \/>\t\t\t\t\t\t\t\t\t\t\t\t\t\t\t<\/div>\n\t\t\t\t<\/div>\n\t\t\t\t<div class=\"elementor-element elementor-element-9e6cf09 elementor-widget elementor-widget-heading\" data-id=\"9e6cf09\" data-element_type=\"widget\" data-widget_type=\"heading.default\">\n\t\t\t\t<div class=\"elementor-widget-container\">\n\t\t\t\t\t<h3 class=\"elementor-heading-title elementor-size-default\">El proyecto europeo RobinFood\n<\/h3>\t\t\t\t<\/div>\n\t\t\t\t<\/div>\n\t\t\t\t<div class=\"elementor-element elementor-element-c861b00 elementor-widget elementor-widget-text-editor\" data-id=\"c861b00\" data-element_type=\"widget\" data-widget_type=\"text-editor.default\">\n\t\t\t\t<div class=\"elementor-widget-container\">\n\t\t\t\t\t\t\t\t\t<p><span style=\"font-weight: 400;\">La iniciativa RobinFood en Europa intenta reducir el desperdicio de alimentos de los peque\u00f1os agricultores. Tambi\u00e9n pretende emplear a personas desfavorecidas y crear nuevos art\u00edculos saludables para la venta internacional. Eroski, el Instituto Europeo de Innovaci\u00f3n y Tecnolog\u00eda (EIT Food) y la startup RobinFood iniciaron este programa en Espa\u00f1a, B\u00e9lgica y Pa\u00edses Bajos.<\/span><\/p>\t\t\t\t\t\t\t\t<\/div>\n\t\t\t\t<\/div>\n\t\t\t\t<div class=\"elementor-element elementor-element-a90767f elementor-invisible elementor-widget elementor-widget-image\" data-id=\"a90767f\" data-element_type=\"widget\" data-settings=\"{&quot;_animation&quot;:&quot;bounceInLeft&quot;}\" data-widget_type=\"image.default\">\n\t\t\t\t<div class=\"elementor-widget-container\">\n\t\t\t\t\t\t\t\t\t\t\t\t\t\t\t<img loading=\"lazy\" decoding=\"async\" width=\"665\" height=\"517\" src=\"https:\/\/thinkdifferently-actdifferently.eu\/wp-content\/uploads\/2023\/08\/image47_bg.jpeg\" class=\"attachment-full size-full wp-image-26783\" alt=\"\" srcset=\"https:\/\/thinkdifferently-actdifferently.eu\/wp-content\/uploads\/2023\/08\/image47_bg.jpeg 665w, https:\/\/thinkdifferently-actdifferently.eu\/wp-content\/uploads\/2023\/08\/image47_bg-300x233.jpeg 300w\" sizes=\"(max-width: 665px) 100vw, 665px\" \/>\t\t\t\t\t\t\t\t\t\t\t\t\t\t\t<\/div>\n\t\t\t\t<\/div>\n\t\t\t\t<div class=\"elementor-element elementor-element-38c42cb elementor-widget elementor-widget-heading\" data-id=\"38c42cb\" data-element_type=\"widget\" data-widget_type=\"heading.default\">\n\t\t\t\t<div class=\"elementor-widget-container\">\n\t\t\t\t\t<h2 class=\"elementor-heading-title elementor-size-default\">El papel de la econom\u00eda circular en la transformaci\u00f3n de las ciudades europeas\n<\/h2>\t\t\t\t<\/div>\n\t\t\t\t<\/div>\n\t\t\t\t<div class=\"elementor-element elementor-element-f884f90 elementor-widget elementor-widget-text-editor\" data-id=\"f884f90\" data-element_type=\"widget\" data-widget_type=\"text-editor.default\">\n\t\t\t\t<div class=\"elementor-widget-container\">\n\t\t\t\t\t\t\t\t\t<p><span style=\"font-weight: 400;\">La econom\u00eda circular puede desempe\u00f1ar un papel importante en la transformaci\u00f3n de las ciudades europeas en lugares m\u00e1s sostenibles y resilientes. A continuaci\u00f3n, se indican algunas formas en las que la econom\u00eda circular puede contribuir a dicho cambio:\u00a0<\/span><\/p><ul><li style=\"font-weight: 400;\" aria-level=\"1\"><span style=\"font-weight: 400;\">Eficiencia de los recursos: En el contexto de las ciudades europeas, la eficiencia de los recursos puede aportar importantes beneficios econ\u00f3micos y medioambientales. Las ciudades son centros de consumo, y la econom\u00eda circular puede ayudar a disminuir la cantidad de residuos generados por los residentes y las empresas. Esto, a su vez, puede rebajar la presi\u00f3n sobre los vertederos, reducir los costes de eliminaci\u00f3n de residuos y mejorar la calidad del aire y del agua. Adem\u00e1s, al aplicar los principios circulares, las ciudades pueden limitar su dependencia de las materias primas y crear una base de recursos m\u00e1s segura y resistente.\u00a0<\/span><\/li><\/ul><div>\u00a0<\/div><ul><li style=\"font-weight: 400;\" aria-level=\"1\"><span style=\"font-weight: 400;\">Creaci\u00f3n de empleo: La transici\u00f3n a una econom\u00eda circular tiene el potencial de crear nuevos puestos de trabajo en \u00e1mbitos como la gesti\u00f3n de residuos, el reciclaje y el dise\u00f1o de productos. En las ciudades, donde suele haber una concentraci\u00f3n de empresas creativas e innovadoras, se ofrece una gran oportunidad para que prosperen las iniciativas de econom\u00eda circular. Al prestar apoyo a las empresas emergentes y promover la colaboraci\u00f3n entre ellas, las instituciones de investigaci\u00f3n y otras partes interesadas, las ciudades pueden crear un entorno que fomente la innovaci\u00f3n y favorezca la creaci\u00f3n de empleo.\u00a0<\/span><\/li><\/ul><div>\u00a0<\/div><ul><li style=\"font-weight: 400;\" aria-level=\"1\"><span style=\"font-weight: 400;\">Innovaci\u00f3n: La econom\u00eda circular requiere nuevas formas de pensar sobre los productos y sistemas, que pueden impulsar la innovaci\u00f3n y nuevos modelos de negocio. Esto es especialmente relevante en el contexto de las ciudades, donde se necesitan nuevas soluciones para abordar retos sociales y medioambientales complejos. Al promover la innovaci\u00f3n en \u00e1mbitos como el transporte sostenible, los sistemas energ\u00e9ticos y la gesti\u00f3n de residuos, las ciudades pueden convertirse en l\u00edderes de la transici\u00f3n hacia una econom\u00eda m\u00e1s circular.\u00a0<\/span><\/li><\/ul><div>\u00a0<\/div><ul><li style=\"font-weight: 400;\" aria-level=\"1\"><span style=\"font-weight: 400;\">Mitigaci\u00f3n del cambio clim\u00e1tico: La econom\u00eda circular puede contribuir a la mitigaci\u00f3n del clima mediante la reducci\u00f3n de las emisiones de gases de efecto invernadero a trav\u00e9s de un uso m\u00e1s eficiente de los recursos y la reducci\u00f3n de los residuos. Las ciudades contribuyen significativamente a dichas emisiones mundiales y, por lo tanto, tienen un papel fundamental que desempe\u00f1ar en la mitigaci\u00f3n del cambio clim\u00e1tico. Al promover los principios circulares, pueden reducir la huella de carbono de sus residentes y empresas y contribuir a la consecuci\u00f3n de los objetivos clim\u00e1ticos.\u00a0<\/span><\/li><\/ul><div>\u00a0<\/div><ul><li style=\"font-weight: 400;\" aria-level=\"1\"><span style=\"font-weight: 400;\">Compromiso de la comunidad: Las iniciativas de econom\u00eda circular pueden ofrecer oportunidades para el compromiso y el empoderamiento de la comunidad. Mediante la promoci\u00f3n de iniciativas tales como programas de reciclaje comunitario, caf\u00e9s de reparaci\u00f3n y programas de recursos compartidos, las ciudades pueden construir capital social y fortalecer la resiliencia de la comunidad. Esto, a su vez, puede ayudar a fomentar un sentido de pertenencia a la comunidad y promover la cohesi\u00f3n social.\u00a0<\/span><\/li><\/ul><p><span style=\"font-weight: 400;\">En conclusi\u00f3n, la econom\u00eda circular tiene el potencial de transformar las ciudades europeas mejorando la eficiencia de los recursos, creando nuevas oportunidades de empleo, impulsando la innovaci\u00f3n, contribuyendo a la mitigaci\u00f3n del cambio clim\u00e1tico y fomentando el compromiso de la comunidad. Al adoptar un enfoque hol\u00edstico de la econom\u00eda circular, las ciudades pueden desbloquear los beneficios de un futuro m\u00e1s sostenible y resiliente.\u00a0<\/span><\/p>\t\t\t\t\t\t\t\t<\/div>\n\t\t\t\t<\/div>\n\t\t\t\t<div class=\"elementor-element elementor-element-5831b12 elementor-widget elementor-widget-heading\" data-id=\"5831b12\" data-element_type=\"widget\" data-widget_type=\"heading.default\">\n\t\t\t\t<div class=\"elementor-widget-container\">\n\t\t\t\t\t<h2 class=\"elementor-heading-title elementor-size-default\">M\u00e9todos y t\u00e9cnicas de sensibilizaci\u00f3n de la poblaci\u00f3n para adoptar el modelo de Econom\u00eda Circular\n<\/h2>\t\t\t\t<\/div>\n\t\t\t\t<\/div>\n\t\t\t\t<div class=\"elementor-element elementor-element-98d5a28 elementor-widget elementor-widget-text-editor\" data-id=\"98d5a28\" data-element_type=\"widget\" data-widget_type=\"text-editor.default\">\n\t\t\t\t<div class=\"elementor-widget-container\">\n\t\t\t\t\t\t\t\t\t<p><span style=\"font-weight: 400;\">A continuaci\u00f3n, se exponen algunos m\u00e9todos y t\u00e9cnicas que pueden utilizarse para sensibilizar y promover la adopci\u00f3n del modelo de econom\u00eda circular:\u00a0<\/span><\/p><ul><li style=\"font-weight: 400;\" aria-level=\"1\"><span style=\"font-weight: 400;\">1Educaci\u00f3n y formaci\u00f3n: Ofrecer programas de educaci\u00f3n y formaci\u00f3n para el p\u00fablico y las empresas puede ayudar a concienciar sobre los beneficios de la econom\u00eda circular y sobre c\u00f3mo aplicar los principios circulares en sus vidas y operaciones cotidianas. Estos programas pueden impartirse a trav\u00e9s de talleres, seminarios, cursos en l\u00ednea y campa\u00f1as educativas.\u00a0<\/span><\/li><\/ul><div>\u00a0<\/div><ul><li style=\"font-weight: 400;\" aria-level=\"1\"><span style=\"font-weight: 400;\">Comunicaci\u00f3n e informaci\u00f3n: La comunicaci\u00f3n efectiva y el intercambio de informaci\u00f3n son esenciales para promover el modelo de econom\u00eda circular. Esto puede lograrse a trav\u00e9s de diversos canales, como las redes sociales, los sitios web, los boletines, los actos p\u00fablicos y las publicaciones. Estos canales pueden utilizarse para compartir informaci\u00f3n sobre iniciativas circulares, casos de \u00e9xito y buenas pr\u00e1cticas.\u00a0<\/span><\/li><\/ul><div>\u00a0<\/div><ul><li style=\"font-weight: 400;\" aria-level=\"1\"><span style=\"font-weight: 400;\">Iniciativas de colaboraci\u00f3n: Las iniciativas de colaboraci\u00f3n que implican a partes interesadas de diferentes sectores pueden ayudar a promover los principios y pr\u00e1cticas de la econom\u00eda circular. Estas iniciativas pueden incluir asociaciones entre empresas, agencias gubernamentales, organizaciones sin \u00e1nimo de lucro e instituciones acad\u00e9micas. Estas cooperaciones pueden ayudar a compartir conocimientos, recursos y experiencia para hacer avanzar las pr\u00e1cticas de la econom\u00eda circular.\u00a0<\/span><\/li><\/ul><div>\u00a0<\/div><ul><li style=\"font-weight: 400;\" aria-level=\"1\"><span style=\"font-weight: 400;\">Incentivos y recompensas: Pueden utilizarse incentivos y recompensas para animar a los particulares y a las empresas a adoptar pr\u00e1cticas de econom\u00eda circular. Por ejemplo, los gobiernos pueden ofrecer incentivos fiscales a las empresas que adopten pr\u00e1cticas circulares u ofrecer descuentos a los consumidores que compren productos fabricados con materiales reciclados.\u00a0<\/span><\/li><\/ul><div>\u00a0<\/div><ul><li style=\"font-weight: 400;\" aria-level=\"1\"><span style=\"font-weight: 400;\">Dise\u00f1o de productos: Los principios de la econom\u00eda circular pueden integrarse en el dise\u00f1o de productos para promover el consumo y la producci\u00f3n sostenibles. Esto puede incluir el dise\u00f1o de productos con materiales reciclados, garantizando que sean duraderos y reparables, y la aplicaci\u00f3n de un programa de recuperaci\u00f3n para garantizar la correcta eliminaci\u00f3n y reciclaje de los productos.\u00a0<\/span><\/li><\/ul><div>\u00a0<\/div><ul><li style=\"font-weight: 400;\" aria-level=\"1\"><span style=\"font-weight: 400;\">Modelos de negocio circulares: Promover modelos de negocio circulares, por ejemplo el de \"producto como servicio\", puede ayudar a reducir los residuos y fomentar el consumo sostenible. Estos modelos implican arrendar o alquilar productos en lugar de venderlos directamente, lo que puede ayudar a prolongar su vida \u00fatil y reducir los residuos.\u00a0<\/span><\/li><\/ul><p><span style=\"font-style: inherit;\">En general, estos m\u00e9todos y t\u00e9cnicas pueden ser eficaces para sensibilizar y promover la adopci\u00f3n de pr\u00e1cticas de econom\u00eda circular entre la poblaci\u00f3n.\u00a0<\/span><\/p>\t\t\t\t\t\t\t\t<\/div>\n\t\t\t\t<\/div>\n\t\t\t\t\t<\/div>\n\t\t<\/div>\n\t\t\t\t\t<\/div>\n\t\t<\/section>\n\t\t\t\t<section class=\"elementor-section elementor-top-section elementor-element elementor-element-bf63a02 elementor-section-boxed elementor-section-height-default elementor-section-height-default elementor-invisible\" data-id=\"bf63a02\" data-element_type=\"section\" data-settings=\"{&quot;shape_divider_top&quot;:&quot;opacity-fan&quot;,&quot;shape_divider_bottom&quot;:&quot;opacity-fan&quot;,&quot;animation&quot;:&quot;wobble&quot;}\">\n\t\t\t\t\t<div class=\"elementor-shape elementor-shape-top\" data-negative=\"false\">\n\t\t\t<svg xmlns=\"http:\/\/www.w3.org\/2000\/svg\" viewbox=\"0 0 283.5 19.6\" preserveaspectratio=\"none\">\n\t<path class=\"elementor-shape-fill\" style=\"opacity:0.33\" d=\"M0 0L0 18.8 141.8 4.1 283.5 18.8 283.5 0z\"\/>\n\t<path class=\"elementor-shape-fill\" style=\"opacity:0.33\" d=\"M0 0L0 12.6 141.8 4 283.5 12.6 283.5 0z\"\/>\n\t<path class=\"elementor-shape-fill\" style=\"opacity:0.33\" d=\"M0 0L0 6.4 141.8 4 283.5 6.4 283.5 0z\"\/>\n\t<path class=\"elementor-shape-fill\" d=\"M0 0L0 1.2 141.8 4 283.5 1.2 283.5 0z\"\/>\n<\/svg>\t\t<\/div>\n\t\t\t\t<div class=\"elementor-shape elementor-shape-bottom\" data-negative=\"false\">\n\t\t\t<svg xmlns=\"http:\/\/www.w3.org\/2000\/svg\" viewbox=\"0 0 283.5 19.6\" preserveaspectratio=\"none\">\n\t<path class=\"elementor-shape-fill\" style=\"opacity:0.33\" d=\"M0 0L0 18.8 141.8 4.1 283.5 18.8 283.5 0z\"\/>\n\t<path class=\"elementor-shape-fill\" style=\"opacity:0.33\" d=\"M0 0L0 12.6 141.8 4 283.5 12.6 283.5 0z\"\/>\n\t<path class=\"elementor-shape-fill\" style=\"opacity:0.33\" d=\"M0 0L0 6.4 141.8 4 283.5 6.4 283.5 0z\"\/>\n\t<path class=\"elementor-shape-fill\" d=\"M0 0L0 1.2 141.8 4 283.5 1.2 283.5 0z\"\/>\n<\/svg>\t\t<\/div>\n\t\t\t\t\t<div class=\"elementor-container elementor-column-gap-default\">\n\t\t\t\t\t<div class=\"elementor-column elementor-col-100 elementor-top-column elementor-element elementor-element-9f09eca\" data-id=\"9f09eca\" data-element_type=\"column\">\n\t\t\t<div class=\"elementor-widget-wrap elementor-element-populated\">\n\t\t\t\t\t\t<div class=\"elementor-element elementor-element-f13317a elementor-widget elementor-widget-heading\" data-id=\"f13317a\" data-element_type=\"widget\" data-widget_type=\"heading.default\">\n\t\t\t\t<div class=\"elementor-widget-container\">\n\t\t\t\t\t<h2 class=\"elementor-heading-title elementor-size-default\"><a href=\"https:\/\/thinkdifferently-actdifferently.eu\/es\/methods-and-techniques-for-the-awareness-of-the-population-to-adopt-the-model-of-the-circular-economy\/\">Learn more about these methods<\/a><\/h2>\t\t\t\t<\/div>\n\t\t\t\t<\/div>\n\t\t\t\t\t<\/div>\n\t\t<\/div>\n\t\t\t\t\t<\/div>\n\t\t<\/section>\n\t\t\t\t<\/div>","protected":false},"excerpt":{"rendered":"<p>Good Practices in the field of Circular Economy Greece Croatia Romania Portugal Spain \u00a0 The Ellen MacArthur Foundation&#8217;s Circular Design Guide: The Circular Design Guide is a free online resource that provides designers with tools and resources to help them design products and systems for circularity. The guide includes case studies, design strategies, and resources [&hellip;]<\/p>","protected":false},"author":1,"featured_media":0,"comment_status":"open","ping_status":"closed","sticky":false,"template":"elementor_header_footer","format":"standard","meta":{"site-sidebar-layout":"default","site-content-layout":"","ast-site-content-layout":"default","site-content-style":"default","site-sidebar-style":"default","ast-global-header-display":"","ast-banner-title-visibility":"","ast-main-header-display":"","ast-hfb-above-header-display":"","ast-hfb-below-header-display":"","ast-hfb-mobile-header-display":"","site-post-title":"","ast-breadcrumbs-content":"","ast-featured-img":"","footer-sml-layout":"","ast-disable-related-posts":"","theme-transparent-header-meta":"","adv-header-id-meta":"","stick-header-meta":"","header-above-stick-meta":"","header-main-stick-meta":"","header-below-stick-meta":"","astra-migrate-meta-layouts":"default","ast-page-background-enabled":"default","ast-page-background-meta":{"desktop":{"background-color":"","background-image":"","background-repeat":"repeat","background-position":"center center","background-size":"auto","background-attachment":"scroll","background-type":"","background-media":"","overlay-type":"","overlay-color":"","overlay-opacity":"","overlay-gradient":""},"tablet":{"background-color":"","background-image":"","background-repeat":"repeat","background-position":"center center","background-size":"auto","background-attachment":"scroll","background-type":"","background-media":"","overlay-type":"","overlay-color":"","overlay-opacity":"","overlay-gradient":""},"mobile":{"background-color":"","background-image":"","background-repeat":"repeat","background-position":"center center","background-size":"auto","background-attachment":"scroll","background-type":"","background-media":"","overlay-type":"","overlay-color":"","overlay-opacity":"","overlay-gradient":""}},"ast-content-background-meta":{"desktop":{"background-color":"var(--ast-global-color-5)","background-image":"","background-repeat":"repeat","background-position":"center center","background-size":"auto","background-attachment":"scroll","background-type":"","background-media":"","overlay-type":"","overlay-color":"","overlay-opacity":"","overlay-gradient":""},"tablet":{"background-color":"var(--ast-global-color-5)","background-image":"","background-repeat":"repeat","background-position":"center center","background-size":"auto","background-attachment":"scroll","background-type":"","background-media":"","overlay-type":"","overlay-color":"","overlay-opacity":"","overlay-gradient":""},"mobile":{"background-color":"var(--ast-global-color-5)","background-image":"","background-repeat":"repeat","background-position":"center center","background-size":"auto","background-attachment":"scroll","background-type":"","background-media":"","overlay-type":"","overlay-color":"","overlay-opacity":"","overlay-gradient":""}},"footnotes":""},"categories":[44],"tags":[],"aioseo_notices":[],"_links":{"self":[{"href":"https:\/\/thinkdifferently-actdifferently.eu\/es\/wp-json\/wp\/v2\/posts\/26752"}],"collection":[{"href":"https:\/\/thinkdifferently-actdifferently.eu\/es\/wp-json\/wp\/v2\/posts"}],"about":[{"href":"https:\/\/thinkdifferently-actdifferently.eu\/es\/wp-json\/wp\/v2\/types\/post"}],"author":[{"embeddable":true,"href":"https:\/\/thinkdifferently-actdifferently.eu\/es\/wp-json\/wp\/v2\/users\/1"}],"replies":[{"embeddable":true,"href":"https:\/\/thinkdifferently-actdifferently.eu\/es\/wp-json\/wp\/v2\/comments?post=26752"}],"version-history":[{"count":62,"href":"https:\/\/thinkdifferently-actdifferently.eu\/es\/wp-json\/wp\/v2\/posts\/26752\/revisions"}],"predecessor-version":[{"id":27581,"href":"https:\/\/thinkdifferently-actdifferently.eu\/es\/wp-json\/wp\/v2\/posts\/26752\/revisions\/27581"}],"wp:attachment":[{"href":"https:\/\/thinkdifferently-actdifferently.eu\/es\/wp-json\/wp\/v2\/media?parent=26752"}],"wp:term":[{"taxonomy":"category","embeddable":true,"href":"https:\/\/thinkdifferently-actdifferently.eu\/es\/wp-json\/wp\/v2\/categories?post=26752"},{"taxonomy":"post_tag","embeddable":true,"href":"https:\/\/thinkdifferently-actdifferently.eu\/es\/wp-json\/wp\/v2\/tags?post=26752"}],"curies":[{"name":"wp","href":"https:\/\/api.w.org\/{rel}","templated":true}]}}